{"id":999,"date":"2013-06-03T09:23:04","date_gmt":"2013-06-03T08:23:04","guid":{"rendered":"http:\/\/www.pyrandonnees.fr\/blog\/?p=999"},"modified":"2017-04-23T18:24:36","modified_gmt":"2017-04-23T17:24:36","slug":"sortie-du-hors-serie-balades-et-randonnees-2013-de-pyrenees-magazine","status":"publish","type":"post","link":"https:\/\/www.pyrandonnees.fr\/blog\/?p=999","title":{"rendered":"Sortie du hors-s\u00e9rie Balades et Randonn\u00e9es 2013 de Pyr\u00e9n\u00e9es Magazine"},"content":{"rendered":"<p style=\"text-align: justify;\">Bonjour \u00e0 tous !<\/p>\n<p style=\"text-align: justify;\">Comme chaque ann\u00e9e, Pyr\u00e9n\u00e9es Magazine nous g\u00e2te avec la sortie de son hors-s\u00e9rie \u00ab\u00a0Balades et Randonn\u00e9es\u00a0\u00bb.<\/p>\n<p style=\"text-align: justify;\">Le principe est de proposer aux randonneurs avant la saison estivale, un num\u00e9ro sp\u00e9cial d\u00e9di\u00e9 aux randonn\u00e9es couvrant l&rsquo;ensemble de la cha\u00eene Pyr\u00e9n\u00e9enne.<\/p>\n<div style=\"width: 253px\" class=\"wp-caption aligncenter\"><img loading=\"lazy\" decoding=\"async\" class=\" \" title=\"Balades et randonn\u00e9es 2013\" src=\"https:\/\/www.pyrandonnees.fr\/img\/blog\/pyrenees_magazine_2013.jpg\" alt=\"Balades et randonn\u00e9es 2013\" width=\"243\" height=\"298\" \/><p class=\"wp-caption-text\">Balades et randonn\u00e9es 2013<\/p><\/div>\n<p style=\"text-align: justify;\">Cette ann\u00e9e le num\u00e9ro propose 50 nouveaux itin\u00e9raires allant de la vall\u00e9e d&rsquo;Aspe \u00e0 la Catalogne, en passant par les Hautes-Pyr\u00e9n\u00e9es et l&rsquo;Ari\u00e8ge. Les itin\u00e9raires de randonn\u00e9es pr\u00e9sent\u00e9s sont de tous les niveaux et pr\u00e9sentent diff\u00e9rents int\u00e9r\u00eats (nature, patrimoine, sport&#8230;).<\/p>\n<p style=\"text-align: justify;\">Les itin\u00e9raires sont toujours bien d\u00e9crits avec photos et cartes d\u00e9taill\u00e9es \u00e0 l&rsquo;appui. On trouve \u00e9galement quelques reportages int\u00e9ressants et une partie conseil de pr\u00e9paration qui permettra aux d\u00e9butants d&rsquo;organiser au mieux leurs premi\u00e8res randonn\u00e9es.<\/p>\n<p style=\"text-align: justify;\">Ce num\u00e9ro se d\u00e9cline en deux \u00e9ditions locales, une pour les Pyr\u00e9n\u00e9es Orientales et une pour le Pays Basque.<\/p>\n<p style=\"text-align: justify;\">Bonne lecture \u00e0 vous et bonnes randonn\u00e9es dans les Pyr\u00e9n\u00e9es !<\/p>\n<p style=\"text-align: justify;\">J\u00e9r\u00f4me et Adeline<\/p>\n","protected":false},"excerpt":{"rendered":"<p>Bonjour \u00e0 tous ! Comme chaque ann\u00e9e, Pyr\u00e9n\u00e9es Magazine nous g\u00e2te avec la sortie de son hors-s\u00e9rie \u00ab\u00a0Balades et Randonn\u00e9es\u00a0\u00bb. Le principe est de proposer aux randonneurs avant la saison estivale, un num\u00e9ro sp\u00e9cial d\u00e9di\u00e9 aux randonn\u00e9es couvrant l&rsquo;ensemble de &hellip; <a href=\"https:\/\/www.pyrandonnees.fr\/blog\/?p=999\">Continuer la lecture <span class=\"meta-nav\">&rarr;<\/span><\/a><\/p>\n","protected":false},"author":1,"featured_media":0,"comment_status":"open","ping_status":"open","sticky":false,"template":"","format":"standard","meta":{"footnotes":""},"categories":[4],"tags":[],"class_list":["post-999","post","type-post","status-publish","format-standard","hentry","category-randonnee"],"_links":{"self":[{"href":"https:\/\/www.pyrandonnees.fr\/blog\/index.php?rest_route=\/wp\/v2\/posts\/999","targetHints":{"allow":["GET"]}}],"collection":[{"href":"https:\/\/www.pyrandonnees.fr\/blog\/index.php?rest_route=\/wp\/v2\/posts"}],"about":[{"href":"https:\/\/www.pyrandonnees.fr\/blog\/index.php?rest_route=\/wp\/v2\/types\/post"}],"author":[{"embeddable":true,"href":"https:\/\/www.pyrandonnees.fr\/blog\/index.php?rest_route=\/wp\/v2\/users\/1"}],"replies":[{"embeddable":true,"href":"https:\/\/www.pyrandonnees.fr\/blog\/index.php?rest_route=%2Fwp%2Fv2%2Fcomments&post=999"}],"version-history":[{"count":5,"href":"https:\/\/www.pyrandonnees.fr\/blog\/index.php?rest_route=\/wp\/v2\/posts\/999\/revisions"}],"predecessor-version":[{"id":1292,"href":"https:\/\/www.pyrandonnees.fr\/blog\/index.php?rest_route=\/wp\/v2\/posts\/999\/revisions\/1292"}],"wp:attachment":[{"href":"https:\/\/www.pyrandonnees.fr\/blog\/index.php?rest_route=%2Fwp%2Fv2%2Fmedia&parent=999"}],"wp:term":[{"taxonomy":"category","embeddable":true,"href":"https:\/\/www.pyrandonnees.fr\/blog\/index.php?rest_route=%2Fwp%2Fv2%2Fcategories&post=999"},{"taxonomy":"post_tag","embeddable":true,"href":"https:\/\/www.pyrandonnees.fr\/blog\/index.php?rest_route=%2Fwp%2Fv2%2Ftags&post=999"}],"curies":[{"name":"wp","href":"https:\/\/api.w.org\/{rel}","templated":true}]}}