{"id":889,"date":"2012-07-25T20:02:29","date_gmt":"2012-07-25T19:02:29","guid":{"rendered":"http:\/\/www.pyrandonnees.fr\/blog\/?p=889"},"modified":"2012-07-25T20:04:18","modified_gmt":"2012-07-25T19:04:18","slug":"week-end-de-randonnees-dans-les-pyrenees-autour-de-cauterets","status":"publish","type":"post","link":"https:\/\/www.pyrandonnees.fr\/blog\/?p=889","title":{"rendered":"Week-end de randonn\u00e9es dans les Pyr\u00e9n\u00e9es autour de Cauterets"},"content":{"rendered":"<p style=\"text-align: justify;\">Bonjour \u00e0 tous !<\/p>\n<p style=\"text-align: justify;\">Avec cet \u00e9t\u00e9 qui tarde \u00e0 venir, nous attendions avec impatience des conditions m\u00e9t\u00e9o estivales pour aller faire un tour en montagne.<br \/>\nLa m\u00e9t\u00e9o de ce week-end du 21 et 22 juillet \u00e9tait pr\u00e9vue plut\u00f4t mitig\u00e9e et finalement le beau temps a pris le dessus sur la journ\u00e9e de dimanche apr\u00e8s un passage nuageux dans la nuit de samedi \u00e0 dimanche.<\/p>\n<p style=\"text-align: justify;\">Voici le compte rendu d\u00e9taill\u00e9 de ce week-end de randonn\u00e9e o\u00f9 nous avions rendez-vous avec Olivier pour mettre en sc\u00e8ne notre escapade en montagne.<\/p>\n<p style=\"text-align: justify;\"><strong>Samedi 21 juillet : Mont\u00e9e au lac d&rsquo;Arratille depuis le Pont d&rsquo;Espagne<\/strong><\/p>\n<p style=\"text-align: justify;\">D\u00e9part du Pont d&rsquo;Espagne, le temps est nuageux. Apr\u00e8s quelques pauses sur le plateau du Cayan pour faire quelque belles prises de vue, nous montons vers le refuge Wallon.<\/p>\n<p style=\"text-align: justify;\">\n<div style=\"width: 460px\" class=\"wp-caption aligncenter\"><img loading=\"lazy\" decoding=\"async\" title=\"Vers le refuge Wallon et la vall\u00e9e d'Arratille\" src=\"https:\/\/www.pyrandonnees.fr\/randos\/121\/IMG_4332.JPG\" alt=\"Vers le refuge Wallon et la vall\u00e9e d'Arratille\" width=\"450\" height=\"338\" \/><p class=\"wp-caption-text\">Vers le refuge Wallon et la vall\u00e9e d&#39;Arratille<\/p><\/div>\n<p>Le sentier du vallon d&rsquo;Arratille qui m\u00e8ne au lac est beaucoup plus fr\u00e9quent\u00e9 que dans nos souvenirs. De nombreux p\u00eacheurs semblent avoir choisi cette destination pour ce weekend de juillet.<\/p>\n<p style=\"text-align: justify;\">\n<div style=\"width: 460px\" class=\"wp-caption aligncenter\"><img loading=\"lazy\" decoding=\"async\" title=\"La vall\u00e9e d'Arratille\" src=\"https:\/\/www.pyrandonnees.fr\/randos\/121\/IMG_4354.JPG\" alt=\"La vall\u00e9e d'Arratille\" width=\"450\" height=\"337\" \/><p class=\"wp-caption-text\">La vall\u00e9e d&#39;Arratille<\/p><\/div>\n<p>En fin d&rsquo;apr\u00e8s-midi le temps se couvre et nous arrivons au lac d&rsquo;Arratille dans le brouillard.<br \/>\nNous installons notre bivouac et la soir\u00e9e se passe tranquillement au chaud \u00e0 l&rsquo;abri de l&rsquo;humidit\u00e9&#8230;<\/p>\n<p style=\"text-align: justify;\">\n<p style=\"text-align: justify;\"><strong>Dimanche 22 juillet : Du lac d&rsquo;Arratille au Pont d&rsquo;Espagne par le col d&rsquo;Arratille, le col des Mulets et la vall\u00e9e des Oulettes de Gaube<br \/>\n<\/strong><\/p>\n<p style=\"text-align: justify;\">Lever t\u00f4t le matin avec le jour pour attaquer la mont\u00e9e au col depuis le lac d&rsquo;Arratille.<\/p>\n<p style=\"text-align: justify;\">\n<div style=\"width: 460px\" class=\"wp-caption aligncenter\"><img loading=\"lazy\" decoding=\"async\" title=\"Le lac d'Arratille au lever du soleil\" src=\"https:\/\/www.pyrandonnees.fr\/randos\/122\/IMG_4403.JPG\" alt=\"Le lac d'Arratille au lever du soleil\" width=\"450\" height=\"337\" \/><p class=\"wp-caption-text\">Le lac d&#39;Arratille au lever du soleil<\/p><\/div>\n<p>Cette mont\u00e9e se fait sans encombre, malgr\u00e9 le temps qui a \u00e9t\u00e9 plut\u00f4t maussade en ce d\u00e9but d&rsquo;\u00e9t\u00e9, il n&rsquo;y a que tr\u00e8s peu de n\u00e9v\u00e9s.<br \/>\nNous rejoignons facilement le lac du Col, le col des Mulets est \u00e0 port\u00e9e de main apr\u00e8s la travers\u00e9e qui offre une belle vue sur la vall\u00e9e du Rio Ara.<\/p>\n<p style=\"text-align: justify;\">\n<div style=\"width: 460px\" class=\"wp-caption aligncenter\"><img loading=\"lazy\" decoding=\"async\" title=\"La vall\u00e9e du Rio Ara depuis le sentier du col des Mulets\" src=\"https:\/\/www.pyrandonnees.fr\/randos\/122\/IMG_4499.JPG\" alt=\"La vall\u00e9e du Rio Ara depuis le sentier du col des Mulets\" width=\"450\" height=\"337\" \/><p class=\"wp-caption-text\">La vall\u00e9e du Rio Ara depuis le sentier du col des Mulets<\/p><\/div>\n<p>Nous retrouvons ensuite le Vignemale, la vall\u00e9e de Gaube et le Pont d&rsquo;Espagne.<\/p>\n<p style=\"text-align: justify;\">\n<div style=\"width: 460px\" class=\"wp-caption aligncenter\"><img loading=\"lazy\" decoding=\"async\" class=\" \" title=\"Une petite photo avec le Vignemale\" src=\"https:\/\/www.pyrandonnees.fr\/randos\/122\/IMG_4560.JPG\" alt=\"Une petite photo avec le Vignemale\" width=\"450\" height=\"337\" \/><p class=\"wp-caption-text\">Une petite photo avec le Vignemale<\/p><\/div>\n<p>En r\u00e9sum\u00e9, un beau week-end de randonn\u00e9e qui nous a permis de prendre un bon bol d&rsquo;air en ce mois de juillet.<br \/>\nMerci \u00e0 toi Olivier pour cette rencontre dans nos belles Pyr\u00e9n\u00e9es et bonne chance pour ton projet !<\/p>\n<p style=\"text-align: justify;\">Bonnes randonn\u00e9es \u00e0 tous cet \u00e9t\u00e9 !<\/p>\n<p style=\"text-align: justify;\">J\u00e9r\u00f4me et Adeline<\/p>\n","protected":false},"excerpt":{"rendered":"<p>Bonjour \u00e0 tous ! Avec cet \u00e9t\u00e9 qui tarde \u00e0 venir, nous attendions avec impatience des conditions m\u00e9t\u00e9o estivales pour aller faire un tour en montagne. La m\u00e9t\u00e9o de ce week-end du 21 et 22 juillet \u00e9tait pr\u00e9vue plut\u00f4t mitig\u00e9e &hellip; <a href=\"https:\/\/www.pyrandonnees.fr\/blog\/?p=889\">Continuer la lecture <span class=\"meta-nav\">&rarr;<\/span><\/a><\/p>\n","protected":false},"author":1,"featured_media":0,"comment_status":"open","ping_status":"open","sticky":false,"template":"","format":"standard","meta":{"footnotes":""},"categories":[4],"tags":[],"class_list":["post-889","post","type-post","status-publish","format-standard","hentry","category-randonnee"],"_links":{"self":[{"href":"https:\/\/www.pyrandonnees.fr\/blog\/index.php?rest_route=\/wp\/v2\/posts\/889","targetHints":{"allow":["GET"]}}],"collection":[{"href":"https:\/\/www.pyrandonnees.fr\/blog\/index.php?rest_route=\/wp\/v2\/posts"}],"about":[{"href":"https:\/\/www.pyrandonnees.fr\/blog\/index.php?rest_route=\/wp\/v2\/types\/post"}],"author":[{"embeddable":true,"href":"https:\/\/www.pyrandonnees.fr\/blog\/index.php?rest_route=\/wp\/v2\/users\/1"}],"replies":[{"embeddable":true,"href":"https:\/\/www.pyrandonnees.fr\/blog\/index.php?rest_route=%2Fwp%2Fv2%2Fcomments&post=889"}],"version-history":[{"count":4,"href":"https:\/\/www.pyrandonnees.fr\/blog\/index.php?rest_route=\/wp\/v2\/posts\/889\/revisions"}],"predecessor-version":[{"id":892,"href":"https:\/\/www.pyrandonnees.fr\/blog\/index.php?rest_route=\/wp\/v2\/posts\/889\/revisions\/892"}],"wp:attachment":[{"href":"https:\/\/www.pyrandonnees.fr\/blog\/index.php?rest_route=%2Fwp%2Fv2%2Fmedia&parent=889"}],"wp:term":[{"taxonomy":"category","embeddable":true,"href":"https:\/\/www.pyrandonnees.fr\/blog\/index.php?rest_route=%2Fwp%2Fv2%2Fcategories&post=889"},{"taxonomy":"post_tag","embeddable":true,"href":"https:\/\/www.pyrandonnees.fr\/blog\/index.php?rest_route=%2Fwp%2Fv2%2Ftags&post=889"}],"curies":[{"name":"wp","href":"https:\/\/api.w.org\/{rel}","templated":true}]}}