{"id":863,"date":"2012-04-30T18:15:05","date_gmt":"2012-04-30T17:15:05","guid":{"rendered":"http:\/\/www.pyrandonnees.fr\/blog\/?p=863"},"modified":"2012-04-30T18:48:49","modified_gmt":"2012-04-30T17:48:49","slug":"ajout-fiches-detaillees-des-circuits-de-randonnees-dans-les-pyrenees","status":"publish","type":"post","link":"https:\/\/www.pyrandonnees.fr\/blog\/?p=863","title":{"rendered":"Ajout des fiches d\u00e9taill\u00e9es des circuits de randonn\u00e9es dans les Pyr\u00e9n\u00e9es"},"content":{"rendered":"<p>Bonjour \u00e0 tous !<\/p>\n<p>La m\u00e9t\u00e9o de ce week-end n&rsquo;\u00e9tant pas au beau fixe, j&rsquo;en ai profit\u00e9 pour faire \u00e9voluer le site.<\/p>\n<p>Une fiche d\u00e9taill\u00e9e est maintenant disponible pour chaque circuit de randonn\u00e9e sur plusieurs jours.<br \/>\nChaque fiche pr\u00e9sente les diff\u00e9rentes \u00e9tapes du circuit et est disponible via un lien que vous pouvez \u00e9changer avec vos amis pour pr\u00e9parer vos randonn\u00e9es.<\/p>\n<p>Les circuits suivants sont d\u00e9j\u00e0 disponibles :<\/p>\n<ul>\n<li><a title=\"Circuits de randonn\u00e9es dans les Pyr\u00e9n\u00e9es\" href=\"https:\/\/www.pyrandonnees.fr\/circuit_rando_vallees_de_gaube_lutour.php\" target=\"_blank\">Circuit dans les vall\u00e9es de Gaube et du Lutour<\/a><\/li>\n<li><a title=\"Circuits de randonn\u00e9es dans les Pyr\u00e9n\u00e9es\" href=\"https:\/\/www.pyrandonnees.fr\/circuit_rando_lacs_pont_espagne_marcadau.php\" target=\"_blank\">Grand circuit des lacs autour du Pont d&rsquo;Espagne et de la vall\u00e9e du Marcadau<\/a><\/li>\n<li><a title=\"Circuits de randonn\u00e9es dans les Pyr\u00e9n\u00e9es\" href=\"https:\/\/www.pyrandonnees.fr\/circuit_rando_val_azun_migouelou_arremoulit_larribet.php\" target=\"_blank\">Grand tour du Val d&rsquo;Azun autour du Pic Palas et du Pic d&rsquo;Artouste<\/a><\/li>\n<li><a title=\"Circuits de randonn\u00e9es dans les Pyr\u00e9n\u00e9es\" href=\"https:\/\/www.pyrandonnees.fr\/circuit_rando_marcadau_oulettes_de_gaube.php\" target=\"_blank\">Circuit entre la vall\u00e9e du Marcadau et la vall\u00e9e des Oulettes de Gaube<\/a><\/li>\n<li><a title=\"Circuits de randonn\u00e9es dans les Pyr\u00e9n\u00e9es\" href=\"https:\/\/www.pyrandonnees.fr\/circuit_rando_autour_vallees_de_cauterets.php\" target=\"_blank\">Grand tour des vall\u00e9es de Cauterets<\/a><\/li>\n<li><a title=\"Circuits de randonn\u00e9es dans les Pyr\u00e9n\u00e9es\" href=\"https:\/\/www.pyrandonnees.fr\/circuit_rando_val_azun_tour_balaitous.php\" target=\"_blank\">Tour du Bala\u00eftous<\/a><\/li>\n<li><a title=\"Circuits de randonn\u00e9es dans les Pyr\u00e9n\u00e9es\" href=\"https:\/\/www.pyrandonnees.fr\/circuit_rando_petit_vignemale_col_gentianes_lac_estom_soubiran.php\" target=\"_blank\">Circuit des lacs d&rsquo;Estom Soubiran<\/a><\/li>\n<li><a title=\"Circuits de randonn\u00e9es dans les Pyr\u00e9n\u00e9es\" href=\"https:\/\/www.pyrandonnees.fr\/circuit_rando_val_azun_respumoso_panticosa_vignemale.php\" target=\"_blank\">Circuit en Aragon au d\u00e9part du Val d&rsquo;Azun autour de Respumoso, des Banos de Panticosa et des Oulettes de Gaube jusqu&rsquo;\u00e0 Cauterets<\/a><\/li>\n<li><a title=\"Circuits de randonn\u00e9es dans les Pyr\u00e9n\u00e9es\" href=\"https:\/\/www.pyrandonnees.fr\/circuit_rando_bareges_lacs_du_neouvielle.php\" target=\"_blank\">Circuit depuis Bar\u00e8ges vers les lacs du N\u00e9ouvielle<\/a><\/li>\n<li><a title=\"Circuits de randonn\u00e9es dans les Pyr\u00e9n\u00e9es\" href=\"https:\/\/www.pyrandonnees.fr\/circuit_rando_campana_cloutou_bastan_oule_port_bielh.php\" target=\"_blank\">Circuit des lacs autour de Campana de Cloutou et de Bastan<\/a><\/li>\n<\/ul>\n<p>Retrouvez tous les circuits de randonn\u00e9es sur plusieurs jours ici : <a title=\"Circuits de randonn\u00e9es dans les Pyr\u00e9n\u00e9es\" href=\"https:\/\/www.pyrandonnees.fr\/circuits_randonnees.php\" target=\"_blank\">https:\/\/www.pyrandonnees.fr\/circuits_randonnees.php<\/a><\/p>\n<p>Bonnes randonn\u00e9es dans les Pyr\u00e9n\u00e9es \u00e0 tous !<\/p>\n<p>J\u00e9r\u00f4me<\/p>\n","protected":false},"excerpt":{"rendered":"<p>Bonjour \u00e0 tous ! La m\u00e9t\u00e9o de ce week-end n&rsquo;\u00e9tant pas au beau fixe, j&rsquo;en ai profit\u00e9 pour faire \u00e9voluer le site. Une fiche d\u00e9taill\u00e9e est maintenant disponible pour chaque circuit de randonn\u00e9e sur plusieurs jours. Chaque fiche pr\u00e9sente les &hellip; <a href=\"https:\/\/www.pyrandonnees.fr\/blog\/?p=863\">Continuer la lecture <span class=\"meta-nav\">&rarr;<\/span><\/a><\/p>\n","protected":false},"author":1,"featured_media":0,"comment_status":"open","ping_status":"open","sticky":false,"template":"","format":"standard","meta":{"footnotes":""},"categories":[4],"tags":[],"class_list":["post-863","post","type-post","status-publish","format-standard","hentry","category-randonnee"],"_links":{"self":[{"href":"https:\/\/www.pyrandonnees.fr\/blog\/index.php?rest_route=\/wp\/v2\/posts\/863","targetHints":{"allow":["GET"]}}],"collection":[{"href":"https:\/\/www.pyrandonnees.fr\/blog\/index.php?rest_route=\/wp\/v2\/posts"}],"about":[{"href":"https:\/\/www.pyrandonnees.fr\/blog\/index.php?rest_route=\/wp\/v2\/types\/post"}],"author":[{"embeddable":true,"href":"https:\/\/www.pyrandonnees.fr\/blog\/index.php?rest_route=\/wp\/v2\/users\/1"}],"replies":[{"embeddable":true,"href":"https:\/\/www.pyrandonnees.fr\/blog\/index.php?rest_route=%2Fwp%2Fv2%2Fcomments&post=863"}],"version-history":[{"count":6,"href":"https:\/\/www.pyrandonnees.fr\/blog\/index.php?rest_route=\/wp\/v2\/posts\/863\/revisions"}],"predecessor-version":[{"id":875,"href":"https:\/\/www.pyrandonnees.fr\/blog\/index.php?rest_route=\/wp\/v2\/posts\/863\/revisions\/875"}],"wp:attachment":[{"href":"https:\/\/www.pyrandonnees.fr\/blog\/index.php?rest_route=%2Fwp%2Fv2%2Fmedia&parent=863"}],"wp:term":[{"taxonomy":"category","embeddable":true,"href":"https:\/\/www.pyrandonnees.fr\/blog\/index.php?rest_route=%2Fwp%2Fv2%2Fcategories&post=863"},{"taxonomy":"post_tag","embeddable":true,"href":"https:\/\/www.pyrandonnees.fr\/blog\/index.php?rest_route=%2Fwp%2Fv2%2Ftags&post=863"}],"curies":[{"name":"wp","href":"https:\/\/api.w.org\/{rel}","templated":true}]}}