{"id":851,"date":"2012-04-22T18:28:30","date_gmt":"2012-04-22T17:28:30","guid":{"rendered":"http:\/\/www.pyrandonnees.fr\/blog\/?p=851"},"modified":"2014-12-14T20:06:52","modified_gmt":"2014-12-14T19:06:52","slug":"pastoral-le-livre-sur-le-pastoralisme-et-la-tradition-orale-pyreneenne","status":"publish","type":"post","link":"https:\/\/www.pyrandonnees.fr\/blog\/?p=851","title":{"rendered":"Past&rsquo;oral le livre sur le pastoralisme et la tradition orale pyr\u00e9n\u00e9enne"},"content":{"rendered":"<p style=\"text-align: justify;\">Bonjour \u00e0 tous !<\/p>\n<p style=\"text-align: justify;\">Je re\u00e7ois \u00e0 l&rsquo;instant un message concernant une publication Pyr\u00e9n\u00e9enne qui \u00e0 l&rsquo;air tr\u00e8s int\u00e9ressante alors je d\u00e9cide de la partager avec vous.<\/p>\n<p style=\"text-align: justify;\">Past&rsquo;oral est un livre sur le pastoralisme et la tradition orale pyr\u00e9n\u00e9enne perp\u00e9tu\u00e9e lors de veill\u00e9es dans la cabane du berger. Si ces pages naviguent entre imagerie populaire et r\u00e9alit\u00e9 actuelle, c&rsquo;est un livre de m\u00e9moire et d&rsquo;hommages \u00e0 des hommes et femmes qui occupent, pr\u00e9servent et g\u00e8rent avec passion un territoire souvent difficile. L&rsquo;ouvrage regroupe environ trente photographies noir et blanc, des illustrations couleurs et une douzaine de\u00a0 textes. Ces derniers sont le\u00a0 fruit de l&rsquo;imagination, de collectes d&rsquo;anecdotes aupr\u00e8s des acteurs pastoraux, de contes et l\u00e9gendes pyr\u00e9n\u00e9ens revisit\u00e9s. Les images ont \u00e9t\u00e9 faites sur une p\u00e9riode de dix ans, aupr\u00e8s d&rsquo;un \u00e9leveur\/berger de brebis.<\/p>\n<p style=\"text-align: justify;\">Pour en voir et savoir plus : <a title=\"Site du livre Past'oral\" href=\"http:\/\/loeilalafete.fr\/pastoral\" target=\"_blank\">http:\/\/loeilalafete.fr\/pastoral<\/a><\/p>\n<p style=\"text-align: justify;\">Bonne lecture et bonne randonn\u00e9es \u00e0 tous !<\/p>\n<p style=\"text-align: justify;\">J\u00e9r\u00f4me<\/p>\n","protected":false},"excerpt":{"rendered":"<p>Bonjour \u00e0 tous ! Je re\u00e7ois \u00e0 l&rsquo;instant un message concernant une publication Pyr\u00e9n\u00e9enne qui \u00e0 l&rsquo;air tr\u00e8s int\u00e9ressante alors je d\u00e9cide de la partager avec vous. Past&rsquo;oral est un livre sur le pastoralisme et la tradition orale pyr\u00e9n\u00e9enne perp\u00e9tu\u00e9e &hellip; <a href=\"https:\/\/www.pyrandonnees.fr\/blog\/?p=851\">Continuer la lecture <span class=\"meta-nav\">&rarr;<\/span><\/a><\/p>\n","protected":false},"author":1,"featured_media":0,"comment_status":"open","ping_status":"open","sticky":false,"template":"","format":"standard","meta":{"footnotes":""},"categories":[9],"tags":[],"class_list":["post-851","post","type-post","status-publish","format-standard","hentry","category-pyrenees"],"_links":{"self":[{"href":"https:\/\/www.pyrandonnees.fr\/blog\/index.php?rest_route=\/wp\/v2\/posts\/851","targetHints":{"allow":["GET"]}}],"collection":[{"href":"https:\/\/www.pyrandonnees.fr\/blog\/index.php?rest_route=\/wp\/v2\/posts"}],"about":[{"href":"https:\/\/www.pyrandonnees.fr\/blog\/index.php?rest_route=\/wp\/v2\/types\/post"}],"author":[{"embeddable":true,"href":"https:\/\/www.pyrandonnees.fr\/blog\/index.php?rest_route=\/wp\/v2\/users\/1"}],"replies":[{"embeddable":true,"href":"https:\/\/www.pyrandonnees.fr\/blog\/index.php?rest_route=%2Fwp%2Fv2%2Fcomments&post=851"}],"version-history":[{"count":4,"href":"https:\/\/www.pyrandonnees.fr\/blog\/index.php?rest_route=\/wp\/v2\/posts\/851\/revisions"}],"predecessor-version":[{"id":854,"href":"https:\/\/www.pyrandonnees.fr\/blog\/index.php?rest_route=\/wp\/v2\/posts\/851\/revisions\/854"}],"wp:attachment":[{"href":"https:\/\/www.pyrandonnees.fr\/blog\/index.php?rest_route=%2Fwp%2Fv2%2Fmedia&parent=851"}],"wp:term":[{"taxonomy":"category","embeddable":true,"href":"https:\/\/www.pyrandonnees.fr\/blog\/index.php?rest_route=%2Fwp%2Fv2%2Fcategories&post=851"},{"taxonomy":"post_tag","embeddable":true,"href":"https:\/\/www.pyrandonnees.fr\/blog\/index.php?rest_route=%2Fwp%2Fv2%2Ftags&post=851"}],"curies":[{"name":"wp","href":"https:\/\/api.w.org\/{rel}","templated":true}]}}