{"id":802,"date":"2011-08-23T14:11:55","date_gmt":"2011-08-23T13:11:55","guid":{"rendered":"http:\/\/www.pyrandonnees.fr\/blog\/?p=802"},"modified":"2012-03-14T22:57:36","modified_gmt":"2012-03-14T21:57:36","slug":"randonnees-dans-les-pyrenees-au-mois-daout","status":"publish","type":"post","link":"https:\/\/www.pyrandonnees.fr\/blog\/?p=802","title":{"rendered":"Randonn\u00e9es dans les Pyr\u00e9n\u00e9es au mois d&rsquo;ao\u00fbt"},"content":{"rendered":"<p style=\"text-align: justify;\">Bonjour \u00e0 tous !<\/p>\n<p style=\"text-align: justify;\">Voici un compte rendu des randonn\u00e9es que nous avons r\u00e9alis\u00e9es dans les Pyr\u00e9n\u00e9es pendant la semaine du 15 au 21 ao\u00fbt.<br \/>\nApr\u00e8s une m\u00e9t\u00e9o quelque peu perturb\u00e9e ces derni\u00e8res semaines, le beau temps est revenu sur les Pyr\u00e9n\u00e9es avec des temp\u00e9ratures estivales propices aux randonn\u00e9es en montagne. Les conditions sont donc r\u00e9unies pour une petite boucle de deux jours dans la vall\u00e9e du Vignemale.<\/p>\n<p style=\"text-align: justify;\"><strong>Mercredi 17 ao\u00fbt : Petit Vignemale par les Oulettes de Gaube et la Hourquette d&rsquo;Ossoue<\/strong><\/p>\n<p style=\"text-align: justify;\">Le temps est compl\u00e8tement d\u00e9gag\u00e9 en cette belle matin\u00e9e d&rsquo;ao\u00fbt, le temps est id\u00e9al pour cette randonn\u00e9e de 2 jours dans le massif du Vignemale.<\/p>\n<p style=\"text-align: justify;\">\n<div style=\"width: 460px\" class=\"wp-caption aligncenter\"><img loading=\"lazy\" decoding=\"async\" title=\"Lac de Gaube dans la vall\u00e9e des Oulettes\" src=\"https:\/\/www.pyrandonnees.fr\/randos\/109\/IMG_1647.jpg\" alt=\"Lac de Gaube dans la vall\u00e9e des Oulettes\" width=\"450\" height=\"338\" \/><p class=\"wp-caption-text\">Lac de Gaube dans la vall\u00e9e des Oulettes<\/p><\/div>\n<p style=\"text-align: justify;\">Nous commen\u00e7ons donc la randonn\u00e9e par la vall\u00e9e de Gaube et son lac qui est toujours aussi bleu en direction des Oulettes de Gaube.<\/p>\n<p style=\"text-align: justify;\">\n<div style=\"width: 460px\" class=\"wp-caption aligncenter\"><img loading=\"lazy\" decoding=\"async\" title=\"Le petit Vignemale depuis le sentier de la Hourquette d'Ossoue\" src=\"https:\/\/www.pyrandonnees.fr\/randos\/109\/IMG_1775.jpg\" alt=\"Le petit Vignemale depuis le sentier de la Hourquette d'Ossoue\" width=\"450\" height=\"337\" \/><p class=\"wp-caption-text\">Le petit Vignemale depuis le sentier de la Hourquette d&#39;Ossoue<\/p><\/div>\n<p style=\"text-align: justify;\">Quelques heures plus tard nous nous retrouvons sur le sentier au dessus des Oulettes de Gaube, en direction de la Hourquette d&rsquo;Ossoue, point d&rsquo;acc\u00e8s \u00e0 la cr\u00eate permettant l&rsquo;ascension du Petit Vignemale.<\/p>\n<p>Apr\u00e8s une heure de mont\u00e9e dans le pierrier nous rejoignons le sommet o\u00f9  nous attend une vue magnifique sur les sommets alentours.<\/p>\n<p style=\"text-align: justify;\">\n<div style=\"width: 460px\" class=\"wp-caption aligncenter\"><img loading=\"lazy\" decoding=\"async\" title=\"Au sommet du Petit Vignemale\" src=\"https:\/\/www.pyrandonnees.fr\/randos\/109\/IMG_1901.jpg\" alt=\"Au sommet du Petit Vignemale\" width=\"450\" height=\"337\" \/><p class=\"wp-caption-text\">Au sommet du Petit Vignemale<\/p><\/div>\n<p style=\"text-align: justify;\">Malgr\u00e9 le temps qui se couvre avec quelques nuages, le point de vue vaut vraiment le d\u00e9tour.<\/p>\n<p style=\"text-align: justify;\">\n<div style=\"width: 460px\" class=\"wp-caption aligncenter\"><img loading=\"lazy\" decoding=\"async\" title=\"Une petite pause au sommet\" src=\"https:\/\/www.pyrandonnees.fr\/randos\/109\/IMG_1907.jpg\" alt=\"Une petite pause au sommet\" width=\"450\" height=\"337\" \/><p class=\"wp-caption-text\">Une petite pause au sommet<\/p><\/div>\n<p>Nous redescendons pour rejoindre le refuge Bayssellance o\u00f9 nous passons la nuit.<\/p>\n<p style=\"text-align: justify;\"><strong>Jeudi 18 ao\u00fbt : Circuit des lacs d&rsquo;Estom Soubiran<\/strong><\/p>\n<p style=\"text-align: justify;\">\n<p style=\"text-align: justify;\">Le lendemain matin, le temps est couvert et nous d\u00e9marrons la randonn\u00e9e sous quelques averses. Le temps se d\u00e9gage ensuite en milieu de matin\u00e9e.<\/p>\n<p style=\"text-align: justify;\">\n<div style=\"width: 460px\" class=\"wp-caption aligncenter\"><img loading=\"lazy\" decoding=\"async\" title=\"Le glacier d'Ossoue depuis le GR 10\" src=\"https:\/\/www.pyrandonnees.fr\/randos\/110\/IMG_1962.jpg\" alt=\"Le glacier d'Ossoue depuis le GR 10\" width=\"450\" height=\"337\" \/><p class=\"wp-caption-text\">Le glacier d&#39;Ossoue depuis le GR 10<\/p><\/div>\n<p style=\"text-align: justify;\">La randonn\u00e9e d\u00e9marre sur le GR 10 que nous quittons rapidement pour prendre la direction du col des Gentianes. En suivant la trace peu marqu\u00e9e, nous arrivons au lac des Gentianes suspendu sur un petit cirque qui offre une belle vue sur le glacier du Vignemale.<\/p>\n<p style=\"text-align: justify;\">\n<div style=\"width: 460px\" class=\"wp-caption aligncenter\"><img loading=\"lazy\" decoding=\"async\" class=\"  \" title=\"Vue sur le glacier du Vignemale depuis le lac des Gentianes\" src=\"https:\/\/www.pyrandonnees.fr\/randos\/110\/IMG_2060.jpg\" alt=\"Vue sur le glacier du Vignemale depuis le lac des Gentianes\" width=\"450\" height=\"338\" \/><p class=\"wp-caption-text\">Vue sur le glacier du Vignemale depuis le lac des Gentianes<\/p><\/div>\n<p style=\"text-align: justify;\">Le temps se d\u00e9gage alors que nous franchissons le col des Gentianes situ\u00e9 juste au dessus du lac. Derri\u00e8re le col nous d\u00e9couvrons le lac du col et le lac glac\u00e9.<\/p>\n<p style=\"text-align: justify;\">\n<div style=\"width: 460px\" class=\"wp-caption aligncenter\"><img loading=\"lazy\" decoding=\"async\" title=\"Petit lac du col\" src=\"https:\/\/www.pyrandonnees.fr\/randos\/110\/IMG_2076.jpg\" alt=\"Petit lac du col\" width=\"450\" height=\"337\" \/><p class=\"wp-caption-text\">Petit lac du col<\/p><\/div>\n<div style=\"width: 460px\" class=\"wp-caption aligncenter\"><img loading=\"lazy\" decoding=\"async\" title=\"Lac glac\u00e9\" src=\"https:\/\/www.pyrandonnees.fr\/randos\/110\/IMG_2083.jpg\" alt=\"Lac glac\u00e9\" width=\"450\" height=\"337\" \/><p class=\"wp-caption-text\">Lac glac\u00e9<\/p><\/div>\n<p>En suivant le sentier au bord de ces lacs nous rencontrons ensuite le lac Couy, le lac d&rsquo;Estom-Soubiran et le lac de Labas.<\/p>\n<p style=\"text-align: justify;\">\n<div style=\"width: 476px\" class=\"wp-caption aligncenter\"><img loading=\"lazy\" decoding=\"async\" title=\"Lacs d'Estom Soubiran\" src=\"https:\/\/www.pyrandonnees.fr\/randos\/110\/IMG_2132.jpg\" alt=\"Lacs d'Estom Soubiran\" width=\"466\" height=\"621\" \/><p class=\"wp-caption-text\">Lacs d&#39;Estom Soubiran<\/p><\/div>\n<p style=\"text-align: justify;\">Nous prenons ensuite le sentier d&rsquo;Estom Soubiran qui d\u00e9vale la pente abrupte entre herbes et rochers vers la vall\u00e9e du lac d&rsquo;Estom.<\/p>\n<p style=\"text-align: justify;\">\n<div style=\"width: 460px\" class=\"wp-caption aligncenter\"><img loading=\"lazy\" decoding=\"async\" title=\"Vall\u00e9e d'Estom depuis le sentier d'Estom Soubiran\" src=\"https:\/\/www.pyrandonnees.fr\/randos\/110\/IMG_2164.jpg\" alt=\"Vall\u00e9e d'Estom depuis le sentier d'Estom Soubiran\" width=\"450\" height=\"338\" \/><p class=\"wp-caption-text\">Vall\u00e9e d&#39;Estom depuis le sentier d&#39;Estom Soubiran<\/p><\/div>\n<p>Au lac d&rsquo;Estom, un casse-croute au refuge du lac est le bienvenu. Nous rejoignons ensuite la Fruiti\u00e8re puis le village de Cauterets apr\u00e8s une longue descente sur sentier facile \ud83d\ude09<\/p>\n<p style=\"text-align: justify;\"><strong>Samedi 19 ao\u00fbt : Plateau du Marcadau<\/strong><\/p>\n<p style=\"text-align: justify;\">Nous ne pouvions terminer cette semaine de montagne sans aller faire un tour du c\u00f4t\u00e9 du plateau du Marcadau.<\/p>\n<p style=\"text-align: justify;\">\n<div style=\"width: 460px\" class=\"wp-caption aligncenter\"><img loading=\"lazy\" decoding=\"async\" title=\"Le plateau du Marcadau en \u00e9t\u00e9\" src=\"https:\/\/www.pyrandonnees.fr\/randos\/111\/IMG_2231.jpg\" alt=\"Le plateau du Marcadau en \u00e9t\u00e9\" width=\"450\" height=\"338\" \/><p class=\"wp-caption-text\">Le plateau du Marcadau en \u00e9t\u00e9<\/p><\/div>\n<p style=\"text-align: justify;\">Une apr\u00e8s-midi agr\u00e9able pass\u00e9e dans les bois \u00e0 l&rsquo;ombre des arbres au bord de l&rsquo;eau pour terminer cette semaine dans les Pyr\u00e9n\u00e9es.<\/p>\n<p style=\"text-align: justify;\">\n<div style=\"width: 460px\" class=\"wp-caption aligncenter\"><img loading=\"lazy\" decoding=\"async\" class=\" \" title=\"L'ombre des arbres et la fraicheur des ruisseaux du plateau\" src=\"https:\/\/www.pyrandonnees.fr\/randos\/111\/IMG_2251.jpg\" alt=\"L'ombre des arbres et la fraicheur des ruisseaux du plateau\" width=\"450\" height=\"337\" \/><p class=\"wp-caption-text\">L&#39;ombre des arbres et la fraicheur des ruisseaux du plateau<\/p><\/div>\n<p style=\"text-align: justify;\">Le beau temps semble se maintenir sur les Pyr\u00e9n\u00e9es pour les prochaines semaines alors profitez-en pour aller faire un tour en montagne !<\/p>\n<p style=\"text-align: justify;\">Bonnes randonn\u00e9es dans les Pyr\u00e9n\u00e9es \u00e0 tous !<\/p>\n<p style=\"text-align: justify;\">J\u00e9r\u00f4me<\/p>\n","protected":false},"excerpt":{"rendered":"<p>Bonjour \u00e0 tous ! Voici un compte rendu des randonn\u00e9es que nous avons r\u00e9alis\u00e9es dans les Pyr\u00e9n\u00e9es pendant la semaine du 15 au 21 ao\u00fbt. Apr\u00e8s une m\u00e9t\u00e9o quelque peu perturb\u00e9e ces derni\u00e8res semaines, le beau temps est revenu sur &hellip; <a href=\"https:\/\/www.pyrandonnees.fr\/blog\/?p=802\">Continuer la lecture <span class=\"meta-nav\">&rarr;<\/span><\/a><\/p>\n","protected":false},"author":1,"featured_media":0,"comment_status":"open","ping_status":"open","sticky":false,"template":"","format":"standard","meta":{"footnotes":""},"categories":[4],"tags":[],"class_list":["post-802","post","type-post","status-publish","format-standard","hentry","category-randonnee"],"_links":{"self":[{"href":"https:\/\/www.pyrandonnees.fr\/blog\/index.php?rest_route=\/wp\/v2\/posts\/802","targetHints":{"allow":["GET"]}}],"collection":[{"href":"https:\/\/www.pyrandonnees.fr\/blog\/index.php?rest_route=\/wp\/v2\/posts"}],"about":[{"href":"https:\/\/www.pyrandonnees.fr\/blog\/index.php?rest_route=\/wp\/v2\/types\/post"}],"author":[{"embeddable":true,"href":"https:\/\/www.pyrandonnees.fr\/blog\/index.php?rest_route=\/wp\/v2\/users\/1"}],"replies":[{"embeddable":true,"href":"https:\/\/www.pyrandonnees.fr\/blog\/index.php?rest_route=%2Fwp%2Fv2%2Fcomments&post=802"}],"version-history":[{"count":7,"href":"https:\/\/www.pyrandonnees.fr\/blog\/index.php?rest_route=\/wp\/v2\/posts\/802\/revisions"}],"predecessor-version":[{"id":837,"href":"https:\/\/www.pyrandonnees.fr\/blog\/index.php?rest_route=\/wp\/v2\/posts\/802\/revisions\/837"}],"wp:attachment":[{"href":"https:\/\/www.pyrandonnees.fr\/blog\/index.php?rest_route=%2Fwp%2Fv2%2Fmedia&parent=802"}],"wp:term":[{"taxonomy":"category","embeddable":true,"href":"https:\/\/www.pyrandonnees.fr\/blog\/index.php?rest_route=%2Fwp%2Fv2%2Fcategories&post=802"},{"taxonomy":"post_tag","embeddable":true,"href":"https:\/\/www.pyrandonnees.fr\/blog\/index.php?rest_route=%2Fwp%2Fv2%2Ftags&post=802"}],"curies":[{"name":"wp","href":"https:\/\/api.w.org\/{rel}","templated":true}]}}