{"id":784,"date":"2011-07-26T21:32:46","date_gmt":"2011-07-26T20:32:46","guid":{"rendered":"http:\/\/www.pyrandonnees.fr\/blog\/?p=784"},"modified":"2012-03-14T22:56:10","modified_gmt":"2012-03-14T21:56:10","slug":"ajout-du-classement-des-randonnees","status":"publish","type":"post","link":"https:\/\/www.pyrandonnees.fr\/blog\/?p=784","title":{"rendered":"Ajout du classement des randonn\u00e9es"},"content":{"rendered":"<p style=\"text-align: justify;\">Bonjour \u00e0 tous !<\/p>\n<p>Si vous \u00eates habitu\u00e9 du site, vous l&rsquo;avez sans doute remarqu\u00e9, une nouvelle page a fait son apparition ! Cette page propose un classement des randonn\u00e9es par visite ainsi qu&rsquo;un cumul des visites pour chaque r\u00e9gion des Pyr\u00e9n\u00e9es !<\/p>\n<p style=\"text-align: justify;\">Pour acc\u00e9der \u00e0 cette page : <a title=\"Classement des randonn\u00e9es par nombre de visites\" href=\"https:\/\/www.pyrandonnees.fr\/classement_randos_visites.php\" target=\"_blank\">cliquez ici<\/a>.<\/p>\n<p style=\"text-align: justify;\">Vous saurez ainsi quelles randonn\u00e9es sont les plus pl\u00e9biscit\u00e9es par les internautes !<\/p>\n<p style=\"text-align: justify;\">En ce mois de juillet le classement des 10 randonn\u00e9es les plus vues est le suivant :<\/p>\n<table style=\"height: 468px;\" cellspacing=\"0\" cellpadding=\"2\" width=\"450\">\n<tbody>\n<tr bgcolor=\"#CCCCCC\">\n<th>Class.<\/th>\n<th>R\u00e9gion<\/th>\n<th>Randonn\u00e9e<\/th>\n<th><\/th>\n<th>Alt. Max<\/th>\n<th>Dur\u00e9e Mont\u00e9e<\/th>\n<th>Niveau<\/th>\n<th><\/th>\n<th><\/th>\n<th>Vues<\/th>\n<\/tr>\n<tr>\n<td>1<\/td>\n<td><strong><span style=\"color: #006600;\">Pays Basque Est<\/span><\/strong><\/td>\n<td><a title=\"Randonn\u00e9e Gorges de Kakuetta\" href=\"..\/..\/rando_gorges_de_kakuetta.php\" target=\"_blank\">Gorges de Kakuetta<\/a><\/td>\n<td><\/td>\n<td>769m<\/td>\n<td>1h00<\/td>\n<td><strong><span style=\"color: #00ff00;\">Promenade<\/span><\/strong><\/td>\n<td><\/td>\n<td><\/td>\n<td>1203<\/td>\n<\/tr>\n<tr>\n<td>2<\/td>\n<td><strong><span style=\"color: #009966;\">Val d&rsquo;Azun, Cauterets<\/span><\/strong><\/td>\n<td><a title=\"Randonn\u00e9e Chemin des Cascades\" href=\"..\/..\/rando_chemin_des_cascades.php\" target=\"_blank\">Chemin des Cascades<\/a><\/td>\n<td><\/td>\n<td>1504m<\/td>\n<td>2h00<\/td>\n<td><strong><span style=\"color: #ff6600;\">Marche<\/span><\/strong><\/td>\n<td><\/td>\n<td><\/td>\n<td>710<\/td>\n<\/tr>\n<tr>\n<td>3<\/td>\n<td><strong><span style=\"color: #669900;\">N\u00e9ouvielle, Vall\u00e9e de Campan<\/span><\/strong><\/td>\n<td><a title=\"Randonn\u00e9e Les lacs du N\u00e9ouvielle par la hourquette d'Aubert\" href=\"..\/..\/rando_lacs_neouvielle_hourquette_aubert.php\" target=\"_blank\">Les lacs du N\u00e9ouvielle par la hourquette d&rsquo;Aubert<\/a><\/td>\n<td><\/td>\n<td>2471m<\/td>\n<td>5h00<\/td>\n<td><strong><span style=\"color: #ff0000;\">Randonnee<\/span><\/strong><\/td>\n<td><\/td>\n<td><\/td>\n<td>673<\/td>\n<\/tr>\n<tr>\n<td>4<\/td>\n<td><strong><span style=\"color: #990000;\">Vall\u00e9e de Luz, Bar\u00e8ges, Gavarnie<\/span><\/strong><\/td>\n<td><a title=\"Randonn\u00e9e Tour du cirque de Gavarnie\" href=\"..\/..\/rando_cirque_de_gavarnie.php\" target=\"_blank\">Tour du cirque de Gavarnie<\/a><\/td>\n<td><\/td>\n<td>1716m<\/td>\n<td>3h00<\/td>\n<td><strong><span style=\"color: #ff6600;\">Marche<\/span><\/strong><\/td>\n<td><\/td>\n<td><\/td>\n<td>636<\/td>\n<\/tr>\n<tr>\n<td>5<\/td>\n<td><strong><span style=\"color: #006600;\">Pays Basque Est<\/span><\/strong><\/td>\n<td><a title=\"Randonn\u00e9e Lac d'Iraty\" href=\"..\/..\/rando_lac_iraty.php\" target=\"_blank\">Lac d&rsquo;Iraty<\/a><\/td>\n<td><\/td>\n<td>1452m<\/td>\n<td>1h30<\/td>\n<td><strong><span style=\"color: #00ff00;\">Promenade<\/span><\/strong><\/td>\n<td><\/td>\n<td><\/td>\n<td>623<\/td>\n<\/tr>\n<tr>\n<td>6<\/td>\n<td><strong><span style=\"color: #009966;\">Val d&rsquo;Azun, Cauterets<\/span><\/strong><\/td>\n<td><a title=\"Randonn\u00e9e Circuit des lacs\" href=\"..\/..\/rando_circuit_des_lacs_pont_espagne.php\" target=\"_blank\">Circuit des lacs<\/a><\/td>\n<td><\/td>\n<td>2429m<\/td>\n<td>8h00<\/td>\n<td><strong><span style=\"color: #ff0000;\">Randonnee<\/span><\/strong><\/td>\n<td><\/td>\n<td><\/td>\n<td>596<\/td>\n<\/tr>\n<tr>\n<td>7<\/td>\n<td><strong><span style=\"color: #009966;\">Val d&rsquo;Azun, Cauterets<\/span><\/strong><\/td>\n<td><a title=\"Randonn\u00e9e Refuge de Bayssellance\" href=\"..\/..\/rando_refuge_bayssellance.php\" target=\"_blank\">Refuge de Bayssellance<\/a><\/td>\n<td><\/td>\n<td>2723m<\/td>\n<td>5h00<\/td>\n<td><strong><span style=\"color: #ff0000;\">Randonnee<\/span><\/strong><\/td>\n<td><\/td>\n<td><\/td>\n<td>535<\/td>\n<\/tr>\n<tr>\n<td>8<\/td>\n<td><strong><span style=\"color: #ff6600;\">Bar\u00e9tous, Aspe, Ossau, Ouest Aragon<\/span><\/strong><\/td>\n<td><a title=\"Randonn\u00e9e Lacs et refuge d'Ayous\" href=\"..\/..\/rando_lacs_refuge_ayous.php\" target=\"_blank\">Lacs et refuge d&rsquo;Ayous<\/a><\/td>\n<td><\/td>\n<td>1960m<\/td>\n<td>2h00<\/td>\n<td><strong><span style=\"color: #ff6600;\">Marche<\/span><\/strong><\/td>\n<td><\/td>\n<td><\/td>\n<td>533<\/td>\n<\/tr>\n<tr>\n<td>9<\/td>\n<td><strong><span style=\"color: #ff6600;\">Bar\u00e9tous, Aspe, Ossau, Ouest Aragon<\/span><\/strong><\/td>\n<td><a title=\"Randonn\u00e9e Lacs et refuge d'Arr\u00e9moulit depuis Migou\u00e9lou\" href=\"..\/..\/rando_refuge_et_lac_arremoulit.php\" target=\"_blank\">Lacs et refuge d&rsquo;Arr\u00e9moulit depuis Migou\u00e9lou<\/a><\/td>\n<td><\/td>\n<td>2403m<\/td>\n<td>4h00<\/td>\n<td><strong><span style=\"color: #ff0000;\">Randonnee<\/span><\/strong><\/td>\n<td><\/td>\n<td><\/td>\n<td>532<\/td>\n<\/tr>\n<tr>\n<td>10<\/td>\n<td><strong><span style=\"color: #990000;\">Vall\u00e9e de Luz, Bar\u00e8ges, Gavarnie<\/span><\/strong><\/td>\n<td><a title=\"Randonn\u00e9e Br\u00e8che de Roland\" href=\"..\/..\/rando_breche_de_roland.php\" target=\"_blank\">Br\u00e8che de Roland<\/a><\/td>\n<td><\/td>\n<td>2400m<\/td>\n<td>2h40<\/td>\n<td><strong><span style=\"color: #ff0000;\">Randonnee<\/span><\/strong><\/td>\n<td><\/td>\n<td><\/td>\n<td>505<\/td>\n<\/tr>\n<\/tbody>\n<\/table>\n<p style=\"text-align: justify;\">N&rsquo;h\u00e9sitez pas \u00e0 venir faire un tour r\u00e9guli\u00e8rement sur le site, le classement \u00e9volue en permanence !<\/p>\n<p style=\"text-align: justify;\">Bonnes randonn\u00e9es \u00e0 tous dans les Pyr\u00e9n\u00e9es !<\/p>\n<p style=\"text-align: justify;\">J\u00e9r\u00f4me et Adeline<\/p>\n","protected":false},"excerpt":{"rendered":"<p>Bonjour \u00e0 tous ! Si vous \u00eates habitu\u00e9 du site, vous l&rsquo;avez sans doute remarqu\u00e9, une nouvelle page a fait son apparition ! Cette page propose un classement des randonn\u00e9es par visite ainsi qu&rsquo;un cumul des visites pour chaque r\u00e9gion &hellip; <a href=\"https:\/\/www.pyrandonnees.fr\/blog\/?p=784\">Continuer la lecture <span class=\"meta-nav\">&rarr;<\/span><\/a><\/p>\n","protected":false},"author":1,"featured_media":0,"comment_status":"open","ping_status":"open","sticky":false,"template":"","format":"standard","meta":{"footnotes":""},"categories":[4],"tags":[],"class_list":["post-784","post","type-post","status-publish","format-standard","hentry","category-randonnee"],"_links":{"self":[{"href":"https:\/\/www.pyrandonnees.fr\/blog\/index.php?rest_route=\/wp\/v2\/posts\/784","targetHints":{"allow":["GET"]}}],"collection":[{"href":"https:\/\/www.pyrandonnees.fr\/blog\/index.php?rest_route=\/wp\/v2\/posts"}],"about":[{"href":"https:\/\/www.pyrandonnees.fr\/blog\/index.php?rest_route=\/wp\/v2\/types\/post"}],"author":[{"embeddable":true,"href":"https:\/\/www.pyrandonnees.fr\/blog\/index.php?rest_route=\/wp\/v2\/users\/1"}],"replies":[{"embeddable":true,"href":"https:\/\/www.pyrandonnees.fr\/blog\/index.php?rest_route=%2Fwp%2Fv2%2Fcomments&post=784"}],"version-history":[{"count":8,"href":"https:\/\/www.pyrandonnees.fr\/blog\/index.php?rest_route=\/wp\/v2\/posts\/784\/revisions"}],"predecessor-version":[{"id":836,"href":"https:\/\/www.pyrandonnees.fr\/blog\/index.php?rest_route=\/wp\/v2\/posts\/784\/revisions\/836"}],"wp:attachment":[{"href":"https:\/\/www.pyrandonnees.fr\/blog\/index.php?rest_route=%2Fwp%2Fv2%2Fmedia&parent=784"}],"wp:term":[{"taxonomy":"category","embeddable":true,"href":"https:\/\/www.pyrandonnees.fr\/blog\/index.php?rest_route=%2Fwp%2Fv2%2Fcategories&post=784"},{"taxonomy":"post_tag","embeddable":true,"href":"https:\/\/www.pyrandonnees.fr\/blog\/index.php?rest_route=%2Fwp%2Fv2%2Ftags&post=784"}],"curies":[{"name":"wp","href":"https:\/\/api.w.org\/{rel}","templated":true}]}}