{"id":642,"date":"2010-11-14T23:11:52","date_gmt":"2010-11-14T22:11:52","guid":{"rendered":"http:\/\/www.pyrandonnees.fr\/blog\/?p=642"},"modified":"2010-11-14T23:11:52","modified_gmt":"2010-11-14T22:11:52","slug":"randonnees-de-novembre-a-cauterets","status":"publish","type":"post","link":"https:\/\/www.pyrandonnees.fr\/blog\/?p=642","title":{"rendered":"Randonn\u00e9es de Novembre \u00e0 Cauterets"},"content":{"rendered":"<p style=\"text-align: justify;\">Bonjour \u00e0 tous !<\/p>\n<p style=\"text-align: justify;\">Pour ce weekend \u00e0 rallonge du 11 novembre, le beau temps \u00e9tait annonc\u00e9 sur le sud-ouest du pays et en particulier sur la cha\u00eene Pyr\u00e9n\u00e9enne. Nous avons donc d\u00e9cid\u00e9 d&rsquo;aller faire un tour en montagne, profitant de ces derniers beaux jours d&rsquo;automne avant l&rsquo;arriv\u00e9e esp\u00e9r\u00e9e de l&rsquo;hiver pour les prochaines semaines&#8230;<br \/>\nVoici donc un compte rendu d\u00e9taill\u00e9 de ce weekend de randonn\u00e9e autour de Cauterets.<\/p>\n<div style=\"width: 460px\" class=\"wp-caption aligncenter\"><img loading=\"lazy\" decoding=\"async\" title=\"Le village de Cauterets au mois de novembre\" src=\"https:\/\/www.pyrandonnees.fr\/img\/blog\/cauterets_nov_2011_6.JPG\" alt=\"Le village de Cauterets au mois de novembre\" width=\"450\" height=\"337\" \/><p class=\"wp-caption-text\">Le village de Cauterets au mois de novembre<\/p><\/div>\n<p style=\"text-align: justify;\"><strong>Jeudi 11 novembre &#8211; Circuit autour des Granges de Pan<\/strong><\/p>\n<p style=\"text-align: justify;\">Le temps est couvert mais il ne semble pas mena\u00e7ant. Le soleil est bien pr\u00e9sent derri\u00e8re quelques nuages inoffensifs. Cette premi\u00e8re mise en jambes nous m\u00e8ne sur le versant Est autour de l&rsquo;H\u00f4tellerie de la Reine Hortense et des Granges de Pan.<\/p>\n<div style=\"width: 460px\" class=\"wp-caption aligncenter\"><img loading=\"lazy\" decoding=\"async\" title=\"Vue plongeante sur Cauterets et les plaines verdoyantes aux alentours\" src=\"https:\/\/www.pyrandonnees.fr\/img\/blog\/cauterets_nov_2011_1.JPG\" alt=\"Vue plongeante sur Cauterets et les plaines verdoyantes aux alentours\" width=\"450\" height=\"337\" \/><p class=\"wp-caption-text\">Vue plongeante sur Cauterets et les plaines verdoyantes aux alentours<\/p><\/div>\n<p style=\"text-align: justify;\">Le circuit est sympathique mais le temps finit par se couvrir et le chemin du retour se fait sous la pluie.<\/p>\n<p style=\"text-align: justify;\"><strong>Vendredi 12 novembre &#8211; Randonn\u00e9e vers la Fruiti\u00e8re<\/strong><\/p>\n<p style=\"text-align: justify;\">Le lendemain le temps est vraiment d\u00e9gag\u00e9 et les temp\u00e9ratures sont printani\u00e8res ! Cette randonn\u00e9e facile nous permettra de profiter longuement du soleil et de cette magnifique vall\u00e9e du Lutour.<\/p>\n<div style=\"width: 460px\" class=\"wp-caption aligncenter\"><img loading=\"lazy\" decoding=\"async\" title=\"L'h\u00f4tellerie de la Fruiti\u00e8re\" src=\"https:\/\/www.pyrandonnees.fr\/img\/blog\/cauterets_nov_2011_2.JPG\" alt=\"L'h\u00f4tellerie de la Fruiti\u00e8re\" width=\"450\" height=\"336\" \/><p class=\"wp-caption-text\">L&#39;h\u00f4tellerie de la Fruiti\u00e8re<\/p><\/div>\n<p style=\"text-align: justify;\">Seule l&rsquo;h\u00f4tellerie qui est ferm\u00e9e rappelle que la saison estivale est termin\u00e9e&#8230;<\/p>\n<p style=\"text-align: justify;\"><strong>Samedi 13 novembre &#8211; Chemin des cascades et Plateau du Marcadau<\/strong><\/p>\n<p style=\"text-align: justify;\">Le beau temps se confirme sur ce samedi m\u00eame si les temp\u00e9ratures se sont l\u00e9g\u00e8rement rafraichies&#8230; Nous d\u00e9cidons de r\u00e9aliser une belle boucle vers le Pont d&rsquo;Espagne depuis Cauterets en combinant les itin\u00e9raires du chemin des cascades et du Plateau du Marcadau.<\/p>\n<div style=\"width: 460px\" class=\"wp-caption aligncenter\"><img loading=\"lazy\" decoding=\"async\" class=\"   \" title=\"Le Pont d'Espagne et ses c\u00e9l\u00e8bres cascades\" src=\"https:\/\/www.pyrandonnees.fr\/img\/blog\/cauterets_nov_2011_3.JPG\" alt=\"Le Pont d'Espagne et ses c\u00e9l\u00e8bres cascades\" width=\"450\" height=\"337\" \/><p class=\"wp-caption-text\">Le Pont d&#39;Espagne et ses c\u00e9l\u00e8bres cascades<\/p><\/div>\n<p style=\"text-align: justify;\">Le chemin des cascades est \u00e0 l&rsquo;ombre et nous trouvons le soleil d\u00e8s l&rsquo;arriv\u00e9e au Pont d&rsquo;Espagne. Il ne nous quittera plus de la journ\u00e9e&#8230;<\/p>\n<p style=\"text-align: justify;\">\n<div style=\"width: 460px\" class=\"wp-caption aligncenter\"><img loading=\"lazy\" decoding=\"async\" title=\"Le Plateau du Marcadau entre deux saisons\" src=\"https:\/\/www.pyrandonnees.fr\/img\/blog\/cauterets_nov_2011_4.JPG\" alt=\"Le Plateau du Marcadau entre deux saisons\" width=\"450\" height=\"336\" \/><p class=\"wp-caption-text\">Le Plateau du Marcadau entre deux saisons<\/p><\/div>\n<p style=\"text-align: justify;\">Le Plateau du Marcadau quand \u00e0 lui semble h\u00e9siter entre deux saisons. Seule une mince couche de neige rappelle que l&rsquo;on est au mois de novembre.<\/p>\n<p style=\"text-align: justify;\">En r\u00e9sum\u00e9 un weekend ensoleill\u00e9 qui nous aura permis de prendre un grand bol d&rsquo;air pur en attendant le d\u00e9but de la saison de ski qui approche&#8230;<\/p>\n<div style=\"width: 460px\" class=\"wp-caption aligncenter\"><img loading=\"lazy\" decoding=\"async\" title=\"Soleil et d\u00e9tente pour ce weekend du 11 novembre\" src=\"https:\/\/www.pyrandonnees.fr\/img\/blog\/cauterets_nov_2011_5.JPG\" alt=\"Soleil et d\u00e9tente pour ce weekend du 11 novembre\" width=\"450\" height=\"337\" \/><p class=\"wp-caption-text\">Soleil et d\u00e9tente pour ce weekend du 11 novembre<\/p><\/div>\n<p style=\"text-align: justify;\">Bonnes randonn\u00e9es \u00e0 tous et \u00e0 bient\u00f4t pour le d\u00e9but de la saison hivernale !<\/p>\n<p style=\"text-align: justify;\">J\u00e9r\u00f4me et Adeline<\/p>\n","protected":false},"excerpt":{"rendered":"<p>Bonjour \u00e0 tous ! Pour ce weekend \u00e0 rallonge du 11 novembre, le beau temps \u00e9tait annonc\u00e9 sur le sud-ouest du pays et en particulier sur la cha\u00eene Pyr\u00e9n\u00e9enne. Nous avons donc d\u00e9cid\u00e9 d&rsquo;aller faire un tour en montagne, profitant &hellip; <a href=\"https:\/\/www.pyrandonnees.fr\/blog\/?p=642\">Continuer la lecture <span class=\"meta-nav\">&rarr;<\/span><\/a><\/p>\n","protected":false},"author":1,"featured_media":0,"comment_status":"open","ping_status":"open","sticky":false,"template":"","format":"standard","meta":{"footnotes":""},"categories":[4],"tags":[],"class_list":["post-642","post","type-post","status-publish","format-standard","hentry","category-randonnee"],"_links":{"self":[{"href":"https:\/\/www.pyrandonnees.fr\/blog\/index.php?rest_route=\/wp\/v2\/posts\/642","targetHints":{"allow":["GET"]}}],"collection":[{"href":"https:\/\/www.pyrandonnees.fr\/blog\/index.php?rest_route=\/wp\/v2\/posts"}],"about":[{"href":"https:\/\/www.pyrandonnees.fr\/blog\/index.php?rest_route=\/wp\/v2\/types\/post"}],"author":[{"embeddable":true,"href":"https:\/\/www.pyrandonnees.fr\/blog\/index.php?rest_route=\/wp\/v2\/users\/1"}],"replies":[{"embeddable":true,"href":"https:\/\/www.pyrandonnees.fr\/blog\/index.php?rest_route=%2Fwp%2Fv2%2Fcomments&post=642"}],"version-history":[{"count":0,"href":"https:\/\/www.pyrandonnees.fr\/blog\/index.php?rest_route=\/wp\/v2\/posts\/642\/revisions"}],"wp:attachment":[{"href":"https:\/\/www.pyrandonnees.fr\/blog\/index.php?rest_route=%2Fwp%2Fv2%2Fmedia&parent=642"}],"wp:term":[{"taxonomy":"category","embeddable":true,"href":"https:\/\/www.pyrandonnees.fr\/blog\/index.php?rest_route=%2Fwp%2Fv2%2Fcategories&post=642"},{"taxonomy":"post_tag","embeddable":true,"href":"https:\/\/www.pyrandonnees.fr\/blog\/index.php?rest_route=%2Fwp%2Fv2%2Ftags&post=642"}],"curies":[{"name":"wp","href":"https:\/\/api.w.org\/{rel}","templated":true}]}}