{"id":617,"date":"2010-08-19T23:10:22","date_gmt":"2010-08-19T22:10:22","guid":{"rendered":"http:\/\/www.pyrandonnees.fr\/blog\/?p=617"},"modified":"2010-08-19T23:10:22","modified_gmt":"2010-08-19T22:10:22","slug":"grand-circuit-de-randonnees-en-aragon-entre-pyrenees-francaises-et-espagnoles","status":"publish","type":"post","link":"https:\/\/www.pyrandonnees.fr\/blog\/?p=617","title":{"rendered":"Grand circuit de randonn\u00e9e en Aragon entre Pyr\u00e9n\u00e9es Fran\u00e7aises et Espagnoles"},"content":{"rendered":"<p style=\"text-align: justify;\">Bonjour \u00e0 tous !<\/p>\n<p style=\"text-align: justify;\">Vous en avez sans doute r\u00eav\u00e9&#8230; votre guide rando pr\u00e9f\u00e9r\u00e9 l&rsquo;a fait : organiser un circuit de 4 jours de rando en Aragon entre France et Espagne avec toute une bande de rigolos !<br \/>\nCe projet \u00e9tait d\u00e9cid\u00e9 depuis plusieurs semaines et nous attendions avec impatience le jour J.<\/p>\n<p style=\"text-align: justify;\">Tous les membres de\u00a0la fine \u00e9quipe ayant confirm\u00e9 leur participation, nous nous retrouvons donc le samedi 7 ao\u00fbt au parking du Plan d&rsquo;Aste pour le d\u00e9part de ce circuit de 4 jours.<\/p>\n<p style=\"text-align: center;\">\n<div style=\"width: 410px\" class=\"wp-caption aligncenter\"><img loading=\"lazy\" decoding=\"async\" title=\"La fine \u00e9quipe au grand complet : J\u00e9r\u00f4me, Adeline, Polo, Alex, Den's\" src=\"https:\/\/www.pyrandonnees.fr\/randos\/87\/IMG_0338.JPG\" alt=\"\" width=\"400\" height=\"298\" \/><p class=\"wp-caption-text\">La fine \u00e9quipe au grand complet : J\u00e9r\u00f4me, Adeline, Polo, Alex, Den&#39;s<\/p><\/div>\n<p style=\"text-align: justify;\"><strong>Samedi 7 ao\u00fbt : Val d&rsquo;Azun &#8211; Respumoso<br \/>\n<\/strong>Cette premi\u00e8re \u00e9tape est volontairement facile, elle permet \u00e0 ceux qui arrivent de loin ou qui sont arriv\u00e9s tard la veille de commencer par une petite mise en jambe. L &lsquo;\u00e9tape consiste \u00e0 relier le Val d&rsquo;Azun, d\u00e9part du circuit, au Refuge de Respumoso en Aragon par le Port de Peyre Saint Martin.<\/p>\n<div style=\"width: 460px\" class=\"wp-caption aligncenter\"><img loading=\"lazy\" decoding=\"async\" class=\" \" title=\"Vue sur Campo Plano avant d'arriver \u00e0 Respumoso\" src=\"https:\/\/www.pyrandonnees.fr\/randos\/87\/IMG_0449.JPG\" alt=\"\" width=\"450\" height=\"337\" \/><p class=\"wp-caption-text\">Vue sur Campo Plano avant d&#39;arriver \u00e0 Respumoso<\/p><\/div>\n<p style=\"text-align: justify;\">Cette randonn\u00e9e ne pr\u00e9sente pas de difficult\u00e9s particuli\u00e8res. Belle vue sur Campo Plano en sortie du col. Arriv\u00e9e au refuge de Respumoso on fait couler les binouses d&rsquo;entr\u00e9e de jeu ! \u00c7a commence bien&#8230;<\/p>\n<p style=\"text-align: justify;\"><strong>Dimanche 8 ao\u00fbt : Respumoso &#8211; Bains de Panticosa<br \/>\n<\/strong>Cette \u00e9tape emprunte en grande partie une portion mythique du GR 11 Espagnol : l&rsquo;\u00e9tape entre les Bains de Panticosa et Sallent de Gallego. Il y a une petite incertitude sur le passage du col de Tebarray qui peut \u00eatre quelque peu technique.<\/p>\n<p style=\"text-align: justify;\">Au d\u00e9part du refuge \u00e7a monte dans un grand cirque. On grimpe ensuite sur un grand pierrier de petits cailloux assez casse-gueule. Arriv\u00e9e au pied du passage final du Col de Tebarray, il y en a une (dont je\u00a0tairai le nom par discr\u00e9tion) qui commence \u00e0 gueuler&#8230; \u00ab\u00a0trop dur, gnagnagna, houlala, escalade, blablabla, on nous a menti, tralala\u00a0\u00bb.<\/p>\n<p style=\"text-align: justify;\">\n<div style=\"width: 460px\" class=\"wp-caption aligncenter\"><img loading=\"lazy\" decoding=\"async\" class=\" \" title=\"La mont\u00e9e au col de Tebarray (\u00e7a gueule)\" src=\"https:\/\/www.pyrandonnees.fr\/randos\/88\/IMG_0564.JPG\" alt=\"\" width=\"450\" height=\"337\" \/><p class=\"wp-caption-text\">La mont\u00e9e au col de Tebarray (\u00e7a gueule)<\/p><\/div>\n<p>Bref, on passe.<\/p>\n<p style=\"text-align: left;\">\n<div style=\"width: 460px\" class=\"wp-caption aligncenter\"><img loading=\"lazy\" decoding=\"async\" title=\"Au col de Tebarray (c'\u00e9tait pas la peine de gueuler)\" src=\"https:\/\/www.pyrandonnees.fr\/randos\/88\/IMG_0576.JPG\" alt=\"\" width=\"450\" height=\"337\" \/><p class=\"wp-caption-text\">Au col de Tebarray (c&#39;\u00e9tait pas la peine de gueuler)<\/p><\/div>\n<p style=\"text-align: justify;\">Arriv\u00e9s au col, vue extraordinaire sur le lac du Tebarray, magnifique, au pied des Pics d&rsquo;Enfer ! Comme quoi \u00e7a valait le coup. Mieux qu&rsquo;un coup de poing dans l&rsquo;\u0153il comme dirait l&rsquo;autre !<\/p>\n<div style=\"width: 460px\" class=\"wp-caption aligncenter\"><img loading=\"lazy\" decoding=\"async\" class=\"  \" title=\"Le lac de Tebarray\" src=\"https:\/\/www.pyrandonnees.fr\/randos\/88\/IMG_0574.JPG\" alt=\"\" width=\"450\" height=\"337\" \/><p class=\"wp-caption-text\">Le lac de Tebarray<\/p><\/div>\n<p style=\"text-align: justify;\">La descente continue ensuite par le col d&rsquo;Enfer et le glacier, puis on rejoint ensuite de beaux lacs turquoise (Ibon de Azul Superior et Ibon de Azul bajo). Nous continuons ensuite vers le beau lac de Bachima\u00f1a que l&rsquo;on longe jusqu&rsquo;au barrage avant d&rsquo;attaquer la grande descente vers les Bains de Panticosa.<\/p>\n<p style=\"text-align: justify;\">La descente sur les Bains de Panticosa est un peu longue, certains sont dans le rouge, bref \u00e7a se r\u00e8glera au comptoir du refuge autour d&rsquo;une bi\u00e8re.<\/p>\n<div style=\"width: 460px\" class=\"wp-caption aligncenter\"><img loading=\"lazy\" decoding=\"async\" class=\" \" title=\"Arriv\u00e9e au Bains de Panticosa (moi je dis il y a un gars en orange qui sait prendre les photos \u00e0 bout de bras)\" src=\"https:\/\/www.pyrandonnees.fr\/randos\/88\/IMG_0747.JPG\" alt=\"Arriv\u00e9e au Bains de Panticosa\" width=\"450\" height=\"337\" \/><p class=\"wp-caption-text\">Arriv\u00e9e au Bains de Panticosa (moi je dis il y a un gars en orange qui sait prendre les photos \u00e0 bout de bras)<\/p><\/div>\n<p style=\"text-align: justify;\">La journ\u00e9e touche \u00e0 sa fin, nous rejoignons les Bains de Panticosa, les h\u00f4tels de luxe&#8230; et notre refuge pour la nuit \ud83d\ude09<\/p>\n<p style=\"text-align: justify;\"><strong>Lundi 9 ao\u00fbt : Bains de Panticosa &#8211; Oulettes de Gaube<\/strong><br \/>\nApr\u00e8s la journ\u00e9e de la veille forte en p\u00e9rip\u00e9ties, cette journ\u00e9e n&rsquo;a l&rsquo;air de rien et pourtant elle va nous en mettre plein la lampe.<\/p>\n<p style=\"text-align: justify;\">\n<div style=\"width: 460px\" class=\"wp-caption aligncenter\"><img loading=\"lazy\" decoding=\"async\" title=\"C'est reparti pour un tour\" src=\"https:\/\/www.pyrandonnees.fr\/randos\/89\/IMG_0759.JPG\" alt=\"\" width=\"450\" height=\"337\" \/><p class=\"wp-caption-text\">C&#39;est reparti pour un tour<\/p><\/div>\n<p style=\"text-align: justify;\">La mont\u00e9e jusqu&rsquo;au lac de Brazato est longue mais \u00e7a vaut le coup ! Ensuite le col n&rsquo;est plus qu&rsquo;\u00e0 quelques encablures \ud83d\ude09<br \/>\nDepuis le col vue surprenante sur l&rsquo;arri\u00e8re du Vignemale que l&rsquo;on voit rarement \u00e9tant habitu\u00e9s au versant nord c\u00f4t\u00e9 Fran\u00e7ais.<\/p>\n<p style=\"text-align: justify;\">\n<div style=\"width: 460px\" class=\"wp-caption aligncenter\"><img loading=\"lazy\" decoding=\"async\" title=\"Le Vignemale vu de dos ;)\" src=\"https:\/\/www.pyrandonnees.fr\/randos\/89\/IMG_0868.JPG\" alt=\"\" width=\"450\" height=\"338\" \/><p class=\"wp-caption-text\">Le Vignemale vu de dos \ud83d\ude09<\/p><\/div>\n<p style=\"text-align: justify;\">La descente vers l&#8217;embranchement o\u00f9 l&rsquo;on rejoint le Rio Ara est un peu plus longue que pr\u00e9vue ainsi que la mont\u00e9e vers le col des mulets, surtout sur une fin de journ\u00e9e, alors \u00e7a gueule.<\/p>\n<p style=\"text-align: justify;\">On arrive au col des mulets un peu tard, tr\u00e8s belle vue sur le versant Espagnol, sur les Oulettes de Gaube et la Hourquette d&rsquo;Ossoue.<\/p>\n<p style=\"text-align: justify;\">\n<div style=\"width: 460px\" class=\"wp-caption aligncenter\"><img loading=\"lazy\" decoding=\"async\" class=\" \" title=\"Au col des Mulets...\" src=\"https:\/\/www.pyrandonnees.fr\/randos\/89\/IMG_0943.JPG\" alt=\"\" width=\"450\" height=\"337\" \/><p class=\"wp-caption-text\">Au col des Mulets...<\/p><\/div>\n<p>Descente ensuite du col des mulets vers le refuge des Oulettes de Gaube o\u00f9 on nous attend pour la soupe.<\/p>\n<p style=\"text-align: justify;\">\n<p style=\"text-align: justify;\"><strong>Mardi 10 ao\u00fbt<\/strong> : <strong>Oulettes de Gaube &#8211; Cauterets<\/strong><br \/>\nUne derni\u00e8re journ\u00e9e tranquille pour redescendre dans la vall\u00e9e. Nous avons eu la chance de voir le matin de bonne heure de nombreux isards et marmottes sur le plateau des Oulettes.<\/p>\n<p style=\"text-align: justify;\">\n<div style=\"width: 460px\" class=\"wp-caption aligncenter\"><img loading=\"lazy\" decoding=\"async\" title=\"Le Vignemale depuis les Oulettes de Gaube\" src=\"https:\/\/www.pyrandonnees.fr\/randos\/90\/IMG_0971.JPG\" alt=\"\" width=\"450\" height=\"337\" \/><p class=\"wp-caption-text\">Le Vignemale depuis les Oulettes de Gaube<\/p><\/div>\n<p>Redescente sur Cauterets par le chemin des cascades.<\/p>\n<p style=\"text-align: justify;\">Fin de ce circuit de 4 jours tr\u00e8s beau mais assez exigeant. J&rsquo;esp\u00e8re que tous se sont r\u00e9gal\u00e9s de ces merveilleux paysages et sont pr\u00eats \u00e0 repartir pour de nouvelles aventures \ud83d\ude09<\/p>\n<p style=\"text-align: justify;\">\n<div style=\"width: 460px\" class=\"wp-caption aligncenter\"><img loading=\"lazy\" decoding=\"async\" title=\"De retour sur le plancher des vaches\" src=\"https:\/\/www.pyrandonnees.fr\/randos\/90\/IMG_1064.JPG\" alt=\"\" width=\"450\" height=\"337\" \/><p class=\"wp-caption-text\">De retour sur le plancher des vaches<\/p><\/div>\n<p>A bient\u00f4t pour de prochaines randonn\u00e9es dans les Pyr\u00e9n\u00e9es !<\/p>\n<p style=\"text-align: justify;\">J\u00e9r\u00f4me<\/p>\n","protected":false},"excerpt":{"rendered":"<p>Bonjour \u00e0 tous ! Vous en avez sans doute r\u00eav\u00e9&#8230; votre guide rando pr\u00e9f\u00e9r\u00e9 l&rsquo;a fait : organiser un circuit de 4 jours de rando en Aragon entre France et Espagne avec toute une bande de rigolos ! Ce projet &hellip; <a href=\"https:\/\/www.pyrandonnees.fr\/blog\/?p=617\">Continuer la lecture <span class=\"meta-nav\">&rarr;<\/span><\/a><\/p>\n","protected":false},"author":1,"featured_media":0,"comment_status":"open","ping_status":"open","sticky":false,"template":"","format":"standard","meta":{"footnotes":""},"categories":[4],"tags":[],"class_list":["post-617","post","type-post","status-publish","format-standard","hentry","category-randonnee"],"_links":{"self":[{"href":"https:\/\/www.pyrandonnees.fr\/blog\/index.php?rest_route=\/wp\/v2\/posts\/617","targetHints":{"allow":["GET"]}}],"collection":[{"href":"https:\/\/www.pyrandonnees.fr\/blog\/index.php?rest_route=\/wp\/v2\/posts"}],"about":[{"href":"https:\/\/www.pyrandonnees.fr\/blog\/index.php?rest_route=\/wp\/v2\/types\/post"}],"author":[{"embeddable":true,"href":"https:\/\/www.pyrandonnees.fr\/blog\/index.php?rest_route=\/wp\/v2\/users\/1"}],"replies":[{"embeddable":true,"href":"https:\/\/www.pyrandonnees.fr\/blog\/index.php?rest_route=%2Fwp%2Fv2%2Fcomments&post=617"}],"version-history":[{"count":0,"href":"https:\/\/www.pyrandonnees.fr\/blog\/index.php?rest_route=\/wp\/v2\/posts\/617\/revisions"}],"wp:attachment":[{"href":"https:\/\/www.pyrandonnees.fr\/blog\/index.php?rest_route=%2Fwp%2Fv2%2Fmedia&parent=617"}],"wp:term":[{"taxonomy":"category","embeddable":true,"href":"https:\/\/www.pyrandonnees.fr\/blog\/index.php?rest_route=%2Fwp%2Fv2%2Fcategories&post=617"},{"taxonomy":"post_tag","embeddable":true,"href":"https:\/\/www.pyrandonnees.fr\/blog\/index.php?rest_route=%2Fwp%2Fv2%2Ftags&post=617"}],"curies":[{"name":"wp","href":"https:\/\/api.w.org\/{rel}","templated":true}]}}