{"id":602,"date":"2010-07-24T16:56:02","date_gmt":"2010-07-24T15:56:02","guid":{"rendered":"http:\/\/www.pyrandonnees.fr\/blog\/?p=602"},"modified":"2010-07-24T16:56:02","modified_gmt":"2010-07-24T15:56:02","slug":"ajout-des-randonnees-dans-les-pyrenees-du-mois-de-juillet-2010","status":"publish","type":"post","link":"https:\/\/www.pyrandonnees.fr\/blog\/?p=602","title":{"rendered":"Ajout des randonn\u00e9es dans les Pyr\u00e9n\u00e9es du mois de juillet 2010"},"content":{"rendered":"<p style=\"text-align: justify;\">Bonjour \u00e0 tous !<\/p>\n<p style=\"text-align: justify;\">Une fois n&rsquo;est pas coutume cette ann\u00e9e nous avons d\u00e9cid\u00e9 de r\u00e9aliser une semaine de randonn\u00e9e dans les Pyr\u00e9n\u00e9es durant la semaine du 14 juillet.<\/p>\n<p style=\"text-align: justify;\">Au programme de cette semaine : de la randonn\u00e9e et de la musique !<\/p>\n<p style=\"text-align: justify;\"><strong>C\u00f4t\u00e9 randonn\u00e9es :<\/strong><\/p>\n<p style=\"text-align: justify;\">&#8211; Une belle boucle sur 2 jours autour de Campana, Bastan et Port-Bielh r\u00e9alis\u00e9e les 11 et 12 juillet<\/p>\n<div style=\"width: 460px\" class=\"wp-caption aligncenter\"><img loading=\"lazy\" decoding=\"async\" title=\"Autour de Bastan et de Campana de Cloutou\" src=\"https:\/\/www.pyrandonnees.fr\/randos\/79\/IMG_0179.jpg\" alt=\"\" width=\"450\" height=\"337\" \/><p class=\"wp-caption-text\">Autour de Bastan et de Campana de Cloutou<\/p><\/div>\n<p style=\"text-align: justify;\">&#8211; Une boucle de 2 jours autour de Pouey Trenous et des Oulettes de Gaube qui s&rsquo;est finalement transform\u00e9e en deux randonn\u00e9es \u00e0 la journ\u00e9e en raison de n\u00e9v\u00e9s trop importants autour de la br\u00e8che du Peyrot.<\/p>\n<div style=\"width: 460px\" class=\"wp-caption aligncenter\"><img loading=\"lazy\" decoding=\"async\" title=\"Vallon de Pouey Trenous\" src=\"https:\/\/www.pyrandonnees.fr\/randos\/80\/IMG_0394.jpg\" alt=\"\" width=\"450\" height=\"337\" \/><p class=\"wp-caption-text\">Vallon de Pouey Trenous<\/p><\/div>\n<p style=\"text-align: justify;\">&#8211; Des randonn\u00e9es \u00e0 la journ\u00e9e autour de la Fruiti\u00e8re et d&rsquo;Estom.<\/p>\n<div style=\"width: 460px\" class=\"wp-caption aligncenter\"><img loading=\"lazy\" decoding=\"async\" title=\"Lac d'Estom\" src=\"https:\/\/www.pyrandonnees.fr\/randos\/81\/IMG_0540.jpg\" alt=\"\" width=\"450\" height=\"337\" \/><p class=\"wp-caption-text\">Lac d&#39;Estom<\/p><\/div>\n<p style=\"text-align: justify;\">Toutes les informations concernant les itin\u00e9raires ainsi que les photos ont \u00e9t\u00e9 ajout\u00e9s dans les rubriques habituelles !<\/p>\n<p style=\"text-align: justify;\"><strong>C\u00f4t\u00e9 musique :<\/strong><\/p>\n<p style=\"text-align: justify;\">Le festival Latino Roc s&rsquo;est d\u00e9roul\u00e9 \u00e0 Cauterets les 14, 15, 16 et 17 juillet.<br \/>\nAu programme de nombreux groupes aux influences diverses et vari\u00e9es se sont produits sur la sc\u00e8ne install\u00e9e \u00e0 cet effet.<br \/>\nUne r\u00e9ussite pour cette 7\u00e8me \u00e9dition qui am\u00e8ne chaque ann\u00e9e toujours plus de festivaliers !<br \/>\nPlus d&rsquo;informations sur le site du festival <a href=\"http:\/\/www.latinoroc.fr\/\" target=\"_blank\">http:\/\/www.latinoroc.fr\/<\/a>.<\/p>\n<p style=\"text-align: justify;\">On se retrouve \u00e0 la rentr\u00e9e pour le compte rendu des randonn\u00e9es du mois d&rsquo;ao\u00fbt.<br \/>\nBonnes randonn\u00e9es \u00e0 tous et bonnes vacances !<\/p>\n<p style=\"text-align: justify;\">J\u00e9r\u00f4me et Adeline<\/p>\n","protected":false},"excerpt":{"rendered":"<p>Bonjour \u00e0 tous ! Une fois n&rsquo;est pas coutume cette ann\u00e9e nous avons d\u00e9cid\u00e9 de r\u00e9aliser une semaine de randonn\u00e9e dans les Pyr\u00e9n\u00e9es durant la semaine du 14 juillet. Au programme de cette semaine : de la randonn\u00e9e et de &hellip; <a href=\"https:\/\/www.pyrandonnees.fr\/blog\/?p=602\">Continuer la lecture <span class=\"meta-nav\">&rarr;<\/span><\/a><\/p>\n","protected":false},"author":1,"featured_media":0,"comment_status":"open","ping_status":"open","sticky":false,"template":"","format":"standard","meta":{"footnotes":""},"categories":[4],"tags":[],"class_list":["post-602","post","type-post","status-publish","format-standard","hentry","category-randonnee"],"_links":{"self":[{"href":"https:\/\/www.pyrandonnees.fr\/blog\/index.php?rest_route=\/wp\/v2\/posts\/602","targetHints":{"allow":["GET"]}}],"collection":[{"href":"https:\/\/www.pyrandonnees.fr\/blog\/index.php?rest_route=\/wp\/v2\/posts"}],"about":[{"href":"https:\/\/www.pyrandonnees.fr\/blog\/index.php?rest_route=\/wp\/v2\/types\/post"}],"author":[{"embeddable":true,"href":"https:\/\/www.pyrandonnees.fr\/blog\/index.php?rest_route=\/wp\/v2\/users\/1"}],"replies":[{"embeddable":true,"href":"https:\/\/www.pyrandonnees.fr\/blog\/index.php?rest_route=%2Fwp%2Fv2%2Fcomments&post=602"}],"version-history":[{"count":0,"href":"https:\/\/www.pyrandonnees.fr\/blog\/index.php?rest_route=\/wp\/v2\/posts\/602\/revisions"}],"wp:attachment":[{"href":"https:\/\/www.pyrandonnees.fr\/blog\/index.php?rest_route=%2Fwp%2Fv2%2Fmedia&parent=602"}],"wp:term":[{"taxonomy":"category","embeddable":true,"href":"https:\/\/www.pyrandonnees.fr\/blog\/index.php?rest_route=%2Fwp%2Fv2%2Fcategories&post=602"},{"taxonomy":"post_tag","embeddable":true,"href":"https:\/\/www.pyrandonnees.fr\/blog\/index.php?rest_route=%2Fwp%2Fv2%2Ftags&post=602"}],"curies":[{"name":"wp","href":"https:\/\/api.w.org\/{rel}","templated":true}]}}