{"id":58,"date":"2009-02-22T21:53:22","date_gmt":"2009-02-22T20:53:22","guid":{"rendered":"http:\/\/www.pyrandonnees.fr\/blog\/?p=58"},"modified":"2009-02-22T21:53:22","modified_gmt":"2009-02-22T20:53:22","slug":"de-retour-avec-en-prime-une-petite-recompense","status":"publish","type":"post","link":"https:\/\/www.pyrandonnees.fr\/blog\/?p=58","title":{"rendered":"De retour d&#039;une semaine de folie avec en prime une petite r\u00e9compense ;)"},"content":{"rendered":"<p>Bonjour \u00e0 tous !<\/p>\n<p>Apr\u00e8s une semaine de ski intense me voici de retour.<br \/>\nConditions vraiment exceptionnelles avec un temps magnifique et les 5m de neige promis par le site de Cauterets qui n&rsquo;avait pas menti \ud83d\ude09<\/p>\n<p style=\"text-align: center;\">\n<div style=\"width: 460px\" class=\"wp-caption alignnone\"><img loading=\"lazy\" decoding=\"async\" src=\"https:\/\/www.pyrandonnees.fr\/img\/blog\/fev2009.jpg\" alt=\"Arriv\u00e9e \u00e0 Cauterets le 13 f\u00e9vrier 2009\" width=\"450\" height=\"338\" \/><p class=\"wp-caption-text\">Arriv\u00e9e \u00e0 Cauterets le 13 f\u00e9vrier 2009<\/p><\/div>\n<p>Cette semaine a \u00e9galement \u00e9t\u00e9 l&rsquo;occasion de faire connaissance avec des potes du Polo qui sont tr\u00e8s sympa. Passer cette semaine avec eux f\u00fbt un r\u00e9el plaisir !<\/p>\n<p style=\"text-align: center;\">\n<div style=\"width: 460px\" class=\"wp-caption alignnone\"><img loading=\"lazy\" decoding=\"async\" src=\"https:\/\/www.pyrandonnees.fr\/img\/blog\/table_groupe.jpg\" alt=\"A table pour manger des sp\u00e9cialit\u00e9s de fromage ;)\" width=\"450\" height=\"338\" \/><p class=\"wp-caption-text\">A table pour manger des sp\u00e9cialit\u00e9s de fromage \ud83d\ude09<\/p><\/div>\n<p>Comme le risque d&rsquo;avalanche \u00e9tait trop fort nous n&rsquo;avons pas pu faire de sortie en montagne alors en lot de consolation nous nous sommes inscrits \u00e0 une comp\u00e9tition de g\u00e9ant. En prime je ram\u00e8ne une fl\u00e8che de vermeil \ud83d\ude09<\/p>\n<p style=\"text-align: center;\">\n<div style=\"width: 221px\" class=\"wp-caption aligncenter\"><img loading=\"lazy\" decoding=\"async\" src=\"https:\/\/www.pyrandonnees.fr\/img\/blog\/fleche.JPG\" alt=\"Bon jai craqu\u00e9 jai achet\u00e9 le pins ;)\" width=\"211\" height=\"195\" \/><p class=\"wp-caption-text\">Bon j&#39;ai craqu\u00e9 j&#39;ai achet\u00e9 le pin&#39;s \ud83d\ude09<\/p><\/div>\n<p>Vivement les prochaines vacances \ud83d\ude09<br \/>\nBonne soir\u00e9e \u00e0 tous et \u00e0 bient\u00f4t !<\/p>\n<p>J\u00e9r\u00f4me<\/p>\n","protected":false},"excerpt":{"rendered":"<p>Bonjour \u00e0 tous ! Apr\u00e8s une semaine de ski intense me voici de retour. Conditions vraiment exceptionnelles avec un temps magnifique et les 5m de neige promis par le site de Cauterets qui n&rsquo;avait pas menti \ud83d\ude09 Cette semaine a &hellip; <a href=\"https:\/\/www.pyrandonnees.fr\/blog\/?p=58\">Continuer la lecture <span class=\"meta-nav\">&rarr;<\/span><\/a><\/p>\n","protected":false},"author":1,"featured_media":0,"comment_status":"open","ping_status":"open","sticky":false,"template":"","format":"standard","meta":{"footnotes":""},"categories":[5],"tags":[],"class_list":["post-58","post","type-post","status-publish","format-standard","hentry","category-ski"],"_links":{"self":[{"href":"https:\/\/www.pyrandonnees.fr\/blog\/index.php?rest_route=\/wp\/v2\/posts\/58","targetHints":{"allow":["GET"]}}],"collection":[{"href":"https:\/\/www.pyrandonnees.fr\/blog\/index.php?rest_route=\/wp\/v2\/posts"}],"about":[{"href":"https:\/\/www.pyrandonnees.fr\/blog\/index.php?rest_route=\/wp\/v2\/types\/post"}],"author":[{"embeddable":true,"href":"https:\/\/www.pyrandonnees.fr\/blog\/index.php?rest_route=\/wp\/v2\/users\/1"}],"replies":[{"embeddable":true,"href":"https:\/\/www.pyrandonnees.fr\/blog\/index.php?rest_route=%2Fwp%2Fv2%2Fcomments&post=58"}],"version-history":[{"count":0,"href":"https:\/\/www.pyrandonnees.fr\/blog\/index.php?rest_route=\/wp\/v2\/posts\/58\/revisions"}],"wp:attachment":[{"href":"https:\/\/www.pyrandonnees.fr\/blog\/index.php?rest_route=%2Fwp%2Fv2%2Fmedia&parent=58"}],"wp:term":[{"taxonomy":"category","embeddable":true,"href":"https:\/\/www.pyrandonnees.fr\/blog\/index.php?rest_route=%2Fwp%2Fv2%2Fcategories&post=58"},{"taxonomy":"post_tag","embeddable":true,"href":"https:\/\/www.pyrandonnees.fr\/blog\/index.php?rest_route=%2Fwp%2Fv2%2Ftags&post=58"}],"curies":[{"name":"wp","href":"https:\/\/api.w.org\/{rel}","templated":true}]}}