{"id":561,"date":"2010-05-05T19:37:52","date_gmt":"2010-05-05T18:37:52","guid":{"rendered":"http:\/\/www.pyrandonnees.fr\/blog\/?p=561"},"modified":"2014-12-14T20:28:16","modified_gmt":"2014-12-14T19:28:16","slug":"chutes-de-neige-importantes-dans-les-pyrenees","status":"publish","type":"post","link":"https:\/\/www.pyrandonnees.fr\/blog\/?p=561","title":{"rendered":"Chutes de neige importantes dans les Pyr\u00e9n\u00e9es"},"content":{"rendered":"<p>Bonjour \u00e0 tous !<\/p>\n<p>Comme vous l&rsquo;avez sans doute remarqu\u00e9, une vague de froid inhabituelle en ce d\u00e9but de printemps s&rsquo;est install\u00e9e sur l&rsquo;ensemble du pays.<br \/>\nDe fortes chutes de neige ont \u00e9t\u00e9 enregistr\u00e9es avec une hauteur de neige fraiche cumul\u00e9e allant de 50cm \u00e0 1m par endroits sur ces derni\u00e8res 24h.<br \/>\nUne neige de printemps lourde qui a bloqu\u00e9 la circulation sur plusieurs cols des Pyr\u00e9n\u00e9es.<\/p>\n<p>En attendant le retour des beaux jours&#8230; rallumez la chemin\u00e9e et mangez une derni\u00e8re fondue savoyarde \ud83d\ude09<\/p>\n<p>Bon app\u00e9tit !<\/p>\n<p>J\u00e9r\u00f4me et Adeline<\/p>\n","protected":false},"excerpt":{"rendered":"<p>Bonjour \u00e0 tous ! Comme vous l&rsquo;avez sans doute remarqu\u00e9, une vague de froid inhabituelle en ce d\u00e9but de printemps s&rsquo;est install\u00e9e sur l&rsquo;ensemble du pays. De fortes chutes de neige ont \u00e9t\u00e9 enregistr\u00e9es avec une hauteur de neige fraiche &hellip; <a href=\"https:\/\/www.pyrandonnees.fr\/blog\/?p=561\">Continuer la lecture <span class=\"meta-nav\">&rarr;<\/span><\/a><\/p>\n","protected":false},"author":1,"featured_media":0,"comment_status":"open","ping_status":"open","sticky":false,"template":"","format":"standard","meta":{"footnotes":""},"categories":[9],"tags":[],"class_list":["post-561","post","type-post","status-publish","format-standard","hentry","category-pyrenees"],"_links":{"self":[{"href":"https:\/\/www.pyrandonnees.fr\/blog\/index.php?rest_route=\/wp\/v2\/posts\/561","targetHints":{"allow":["GET"]}}],"collection":[{"href":"https:\/\/www.pyrandonnees.fr\/blog\/index.php?rest_route=\/wp\/v2\/posts"}],"about":[{"href":"https:\/\/www.pyrandonnees.fr\/blog\/index.php?rest_route=\/wp\/v2\/types\/post"}],"author":[{"embeddable":true,"href":"https:\/\/www.pyrandonnees.fr\/blog\/index.php?rest_route=\/wp\/v2\/users\/1"}],"replies":[{"embeddable":true,"href":"https:\/\/www.pyrandonnees.fr\/blog\/index.php?rest_route=%2Fwp%2Fv2%2Fcomments&post=561"}],"version-history":[{"count":1,"href":"https:\/\/www.pyrandonnees.fr\/blog\/index.php?rest_route=\/wp\/v2\/posts\/561\/revisions"}],"predecessor-version":[{"id":1138,"href":"https:\/\/www.pyrandonnees.fr\/blog\/index.php?rest_route=\/wp\/v2\/posts\/561\/revisions\/1138"}],"wp:attachment":[{"href":"https:\/\/www.pyrandonnees.fr\/blog\/index.php?rest_route=%2Fwp%2Fv2%2Fmedia&parent=561"}],"wp:term":[{"taxonomy":"category","embeddable":true,"href":"https:\/\/www.pyrandonnees.fr\/blog\/index.php?rest_route=%2Fwp%2Fv2%2Fcategories&post=561"},{"taxonomy":"post_tag","embeddable":true,"href":"https:\/\/www.pyrandonnees.fr\/blog\/index.php?rest_route=%2Fwp%2Fv2%2Ftags&post=561"}],"curies":[{"name":"wp","href":"https:\/\/api.w.org\/{rel}","templated":true}]}}