{"id":343,"date":"2009-12-07T22:17:36","date_gmt":"2009-12-07T21:17:36","guid":{"rendered":"http:\/\/www.pyrandonnees.fr\/blog\/?p=343"},"modified":"2014-09-29T19:59:08","modified_gmt":"2014-09-29T18:59:08","slug":"compte-rendu-de-louverture-de-la-saison-de-ski-2009-2010-a-cauterets","status":"publish","type":"post","link":"https:\/\/www.pyrandonnees.fr\/blog\/?p=343","title":{"rendered":"Compte rendu de l&rsquo;ouverture de la saison de ski 2009-2010 \u00e0 Cauterets"},"content":{"rendered":"<p>Bonjour \u00e0 tous !<\/p>\n<p>Le d\u00e9but de saison s&rsquo;est fait un peu attendre en raison du redoux de fin novembre qui a d\u00e9cal\u00e9 la date d&rsquo;ouverture des stations. Ce report s&rsquo;est toutefois av\u00e9r\u00e9 fort b\u00e9n\u00e9fique puisque il a neig\u00e9 toute la semaine derni\u00e8re laissant pr\u00e9voir un weekend d&rsquo;ouverture avec de bonnes conditions. Le rendez vous est donn\u00e9 pour le weekend du 5 et 6 d\u00e9cembre pour tous les mordus de glisse \ud83d\ude09<\/p>\n<p>Voici donc un petit compte rendu de ce weekend fort sympathique !<\/p>\n<p>D\u00e9part vendredi soir direct en sortant du boulot. Apr\u00e8s un petit d\u00e9tour par les Landes pour r\u00e9cup\u00e9rer du mat\u00e9riel et se ravitailler, nous arrivons \u00e0 Cauterets vers 23h30 o\u00f9 nous retrouvons une partie de la fine \u00e9quipe \ud83d\ude09<\/p>\n<p><strong>Samedi 6 d\u00e9cembre<\/strong> : Magnifique journ\u00e9e de poudreuse ensoleill\u00e9e<\/p>\n<p>Quelques nuages en matin\u00e9e qui s&rsquo;estompent rapidement laissant place \u00e0 un magnifique ciel bleu. Neige excellente tomb\u00e9e ces derniers jours. Nous nous en donnons \u00e0 c\u0153ur joie dans les pentes de neige fraiche \ud83d\ude09<\/p>\n<div style=\"width: 460px\" class=\"wp-caption aligncenter\"><img loading=\"lazy\" decoding=\"async\" title=\"Ouverture de la station de Cauterets sous le soleil\" src=\"https:\/\/www.pyrandonnees.fr\/img\/blog\/ouverture_2009-2010_1.jpg\" alt=\"Ouverture de la station de Cauterets sous le soleil\" width=\"450\" height=\"334\" \/><p class=\"wp-caption-text\">Ouverture de la station de Cauterets sous le soleil<\/p><\/div>\n<p style=\"text-align: left;\">A l&rsquo;ouverture la station annonce 1m20 de neige en haut des pistes et 80cm en bas.<\/p>\n<div style=\"width: 460px\" class=\"wp-caption aligncenter\"><img loading=\"lazy\" decoding=\"async\" title=\"Les passionn\u00e9s ont r\u00e9pondu \u00e0 lappel de la montagne ;)\" src=\"https:\/\/www.pyrandonnees.fr\/img\/blog\/ouverture_2009-2010_2.jpg\" alt=\"Les passionn\u00e9s ont r\u00e9pondu \u00e0 lappel de la montagne ;)\" width=\"450\" height=\"336\" \/><p class=\"wp-caption-text\">Les passionn\u00e9s ont r\u00e9pondu \u00e0 l&rsquo;appel de la montagne \ud83d\ude09<\/p><\/div>\n<p>Une belle premi\u00e8re journ\u00e9e !<\/p>\n<p><strong>Dimanche 7 d\u00e9cembre :<\/strong> Redoux et temps couvert<\/p>\n<p>Un vent fort de Sud\/Sud-Ouest am\u00e8ne un redoux qui alourdit la neige. Le temps est couvert mais les nuages restent en altitude. La poudreuse laisse place \u00e0 une neige, quelques pentes oubli\u00e9es offrent toutefois de belles descentes.<\/p>\n<div style=\"width: 460px\" class=\"wp-caption aligncenter\"><img loading=\"lazy\" decoding=\"async\" title=\"Le temps se couvre...\" src=\"https:\/\/www.pyrandonnees.fr\/img\/blog\/ouverture_2009-2010_4.jpg\" alt=\"Le temps se couvre...\" width=\"450\" height=\"337\" \/><p class=\"wp-caption-text\">Le temps se couvre&#8230;<\/p><\/div>\n<p>Le temps d&rsquo;abord nuageux se couvre ensuite compl\u00e8tement en fin de matin\u00e9e.<\/p>\n<div style=\"width: 460px\" class=\"wp-caption aligncenter\"><img loading=\"lazy\" decoding=\"async\" title=\"Une bonne journ\u00e9e entre potes !\" src=\"https:\/\/www.pyrandonnees.fr\/img\/blog\/ouverture_2009-2010_3.jpg\" alt=\"Une bonne journ\u00e9e entre potes !\" width=\"450\" height=\"337\" \/><p class=\"wp-caption-text\">Une bonne journ\u00e9e entre potes !<\/p><\/div>\n<p>En r\u00e9sum\u00e9 nous esp\u00e9rons que ce weekend d&rsquo;ouverture sera \u00e0 l&rsquo;image de la saison. La fr\u00e9quentation de la station \u00e9tait relativement importante en ce d\u00e9but du mois de d\u00e9cembre. Un nouveau redoux est pr\u00e9vu pour les prochains jours, esp\u00e9rons de nouvelles chutes de neige avant les f\u00eates de fin d&rsquo;ann\u00e9e.<\/p>\n<p>Salutations \u00e0 tous !<br \/>\nA bient\u00f4t !<\/p>\n<p>J\u00e9r\u00f4me<\/p>\n","protected":false},"excerpt":{"rendered":"<p>Bonjour \u00e0 tous ! Le d\u00e9but de saison s&rsquo;est fait un peu attendre en raison du redoux de fin novembre qui a d\u00e9cal\u00e9 la date d&rsquo;ouverture des stations. Ce report s&rsquo;est toutefois av\u00e9r\u00e9 fort b\u00e9n\u00e9fique puisque il a neig\u00e9 toute &hellip; <a href=\"https:\/\/www.pyrandonnees.fr\/blog\/?p=343\">Continuer la lecture <span class=\"meta-nav\">&rarr;<\/span><\/a><\/p>\n","protected":false},"author":1,"featured_media":0,"comment_status":"open","ping_status":"open","sticky":false,"template":"","format":"standard","meta":{"footnotes":""},"categories":[5],"tags":[],"class_list":["post-343","post","type-post","status-publish","format-standard","hentry","category-ski"],"_links":{"self":[{"href":"https:\/\/www.pyrandonnees.fr\/blog\/index.php?rest_route=\/wp\/v2\/posts\/343","targetHints":{"allow":["GET"]}}],"collection":[{"href":"https:\/\/www.pyrandonnees.fr\/blog\/index.php?rest_route=\/wp\/v2\/posts"}],"about":[{"href":"https:\/\/www.pyrandonnees.fr\/blog\/index.php?rest_route=\/wp\/v2\/types\/post"}],"author":[{"embeddable":true,"href":"https:\/\/www.pyrandonnees.fr\/blog\/index.php?rest_route=\/wp\/v2\/users\/1"}],"replies":[{"embeddable":true,"href":"https:\/\/www.pyrandonnees.fr\/blog\/index.php?rest_route=%2Fwp%2Fv2%2Fcomments&post=343"}],"version-history":[{"count":1,"href":"https:\/\/www.pyrandonnees.fr\/blog\/index.php?rest_route=\/wp\/v2\/posts\/343\/revisions"}],"predecessor-version":[{"id":1096,"href":"https:\/\/www.pyrandonnees.fr\/blog\/index.php?rest_route=\/wp\/v2\/posts\/343\/revisions\/1096"}],"wp:attachment":[{"href":"https:\/\/www.pyrandonnees.fr\/blog\/index.php?rest_route=%2Fwp%2Fv2%2Fmedia&parent=343"}],"wp:term":[{"taxonomy":"category","embeddable":true,"href":"https:\/\/www.pyrandonnees.fr\/blog\/index.php?rest_route=%2Fwp%2Fv2%2Fcategories&post=343"},{"taxonomy":"post_tag","embeddable":true,"href":"https:\/\/www.pyrandonnees.fr\/blog\/index.php?rest_route=%2Fwp%2Fv2%2Ftags&post=343"}],"curies":[{"name":"wp","href":"https:\/\/api.w.org\/{rel}","templated":true}]}}