{"id":265,"date":"2009-11-07T12:50:54","date_gmt":"2009-11-07T11:50:54","guid":{"rendered":"http:\/\/www.pyrandonnees.fr\/blog\/?p=265"},"modified":"2009-11-07T12:50:54","modified_gmt":"2009-11-07T11:50:54","slug":"premieres-neiges-sur-les-pyrenees","status":"publish","type":"post","link":"https:\/\/www.pyrandonnees.fr\/blog\/?p=265","title":{"rendered":"Premi\u00e8res neiges sur les Pyr\u00e9n\u00e9es"},"content":{"rendered":"<p>Bonjour \u00e0 tous !<\/p>\n<p>Apr\u00e8s de longues semaines d&rsquo;absence sur le blog nous voici de retour pour f\u00eater le d\u00e9but de l&rsquo;hiver et les premi\u00e8res chutes de neige sur les Pyr\u00e9n\u00e9es.<\/p>\n<p>Il est en effet tomb\u00e9 sur cette fin de semaine une dizaine de cm sur les sommets du massif. Les acc\u00e8s \u00e0 certains cols sont ferm\u00e9s \u00e0 la circulation et ce probablement pour toute la dur\u00e9e de l&rsquo;hiver.<\/p>\n<div style=\"width: 460px\" class=\"wp-caption aligncenter\"><img loading=\"lazy\" decoding=\"async\" title=\"Premi\u00e8res neiges sur la station de ski de Cauterets\" src=\"https:\/\/www.pyrandonnees.fr\/img\/blog\/cauterets_novembre_2009.jpg\" alt=\"Premi\u00e8res neiges sur la station de ski de Cauterets\" width=\"450\" height=\"359\" \/><p class=\"wp-caption-text\">Premi\u00e8res neiges sur la station de ski de Cauterets<\/p><\/div>\n<p>Plus d&rsquo;informations m\u00e9t\u00e9o sur le site de le station de Cauterets : <a title=\"http:\/\/www.cauterets.com\" href=\"http:\/\/www.cauterets.com\" target=\"_blank\">http:\/\/www.cauterets.com<\/a>.<\/p>\n<p>L&rsquo;ouverture de plusieurs stations des Pyr\u00e9n\u00e9es dont Cauterets est pr\u00e9vue pour le <strong>28 novembre<\/strong>.<\/p>\n<p>Pr\u00e9parez vos spatules \ud83d\ude09<\/p>\n<p>Bon weekend \u00e0 tous !<\/p>\n<p>J\u00e9r\u00f4me<\/p>\n","protected":false},"excerpt":{"rendered":"<p>Bonjour \u00e0 tous ! Apr\u00e8s de longues semaines d&rsquo;absence sur le blog nous voici de retour pour f\u00eater le d\u00e9but de l&rsquo;hiver et les premi\u00e8res chutes de neige sur les Pyr\u00e9n\u00e9es. Il est en effet tomb\u00e9 sur cette fin de &hellip; <a href=\"https:\/\/www.pyrandonnees.fr\/blog\/?p=265\">Continuer la lecture <span class=\"meta-nav\">&rarr;<\/span><\/a><\/p>\n","protected":false},"author":1,"featured_media":0,"comment_status":"open","ping_status":"open","sticky":false,"template":"","format":"standard","meta":{"footnotes":""},"categories":[5],"tags":[],"class_list":["post-265","post","type-post","status-publish","format-standard","hentry","category-ski"],"_links":{"self":[{"href":"https:\/\/www.pyrandonnees.fr\/blog\/index.php?rest_route=\/wp\/v2\/posts\/265","targetHints":{"allow":["GET"]}}],"collection":[{"href":"https:\/\/www.pyrandonnees.fr\/blog\/index.php?rest_route=\/wp\/v2\/posts"}],"about":[{"href":"https:\/\/www.pyrandonnees.fr\/blog\/index.php?rest_route=\/wp\/v2\/types\/post"}],"author":[{"embeddable":true,"href":"https:\/\/www.pyrandonnees.fr\/blog\/index.php?rest_route=\/wp\/v2\/users\/1"}],"replies":[{"embeddable":true,"href":"https:\/\/www.pyrandonnees.fr\/blog\/index.php?rest_route=%2Fwp%2Fv2%2Fcomments&post=265"}],"version-history":[{"count":0,"href":"https:\/\/www.pyrandonnees.fr\/blog\/index.php?rest_route=\/wp\/v2\/posts\/265\/revisions"}],"wp:attachment":[{"href":"https:\/\/www.pyrandonnees.fr\/blog\/index.php?rest_route=%2Fwp%2Fv2%2Fmedia&parent=265"}],"wp:term":[{"taxonomy":"category","embeddable":true,"href":"https:\/\/www.pyrandonnees.fr\/blog\/index.php?rest_route=%2Fwp%2Fv2%2Fcategories&post=265"},{"taxonomy":"post_tag","embeddable":true,"href":"https:\/\/www.pyrandonnees.fr\/blog\/index.php?rest_route=%2Fwp%2Fv2%2Ftags&post=265"}],"curies":[{"name":"wp","href":"https:\/\/api.w.org\/{rel}","templated":true}]}}