{"id":211,"date":"2009-06-11T21:51:04","date_gmt":"2009-06-11T20:51:04","guid":{"rendered":"http:\/\/www.pyrandonnees.fr\/blog\/?p=211"},"modified":"2009-06-11T21:51:04","modified_gmt":"2009-06-11T20:51:04","slug":"pyrando-fete-ses-6-mois","status":"publish","type":"post","link":"https:\/\/www.pyrandonnees.fr\/blog\/?p=211","title":{"rendered":"Pyrando f\u00eate ses 6 mois !"},"content":{"rendered":"<p>Bonsoir \u00e0 tous !<\/p>\n<p>D\u00e9j\u00e0 6 mois que Pyrando est en ligne et pour f\u00eater \u00e7a le site enregistre d\u00e9j\u00e0 2000 visites !<\/p>\n<p>Cet article est l&rsquo;occasion de faire un point rapide sur l&rsquo;avanc\u00e9e du site.<br \/>\nAu niveau d\u00e9veloppement, la plupart des scripts et des pages sont r\u00e9alis\u00e9s et fonctionnels. La prise en compte des circuits a \u00e9t\u00e9 mise en place derni\u00e8rement.<br \/>\nPour ce qui est du contenu :<br \/>\n&#8211; les itin\u00e9raires et circuits sont quasiment tous complets,<br \/>\n&#8211; les randonn\u00e9es ont toutes \u00e9t\u00e9 saisies \u00e0 fin juin,<br \/>\n&#8211; la page d&rsquo;infos sur la randonn\u00e9e est en construction,<br \/>\n&#8211; la section photos est compl\u00e8te pour ce qui est des refuges, des pics et de la faune mais reste \u00e0 renseigner pour les lacs et la flore (gros travail en perspectives),<br \/>\n&#8211; les sessions de ski avec photos et vid\u00e9os sont \u00e0 jour suite \u00e0 la saison 2008-2009,<br \/>\n&#8211; la section m\u00e9t\u00e9o \u00e0 \u00e9t\u00e9 compl\u00e9t\u00e9e pour fournir plus d&rsquo;informations d\u00e9taill\u00e9es,<br \/>\n&#8211; la biblioth\u00e8que est \u00e0 jour mais sera probablement am\u00e9lior\u00e9e,<br \/>\n&#8211; l&rsquo;annuaire de liens est \u00e0 jour mais sera probablement am\u00e9lior\u00e9.<\/p>\n<p>Nous sommes en train d&rsquo;\u00e9tudier l&rsquo;ajout de fonctionnalit\u00e9s compl\u00e9mentaires qui restent pour le moment \u00e0 d\u00e9finir \ud83d\ude09<\/p>\n<p>Encore une fois merci \u00e0 tous ceux qui visitent le site et nous font part de leurs commentaires !<\/p>\n<p>A bient\u00f4t !<\/p>\n<p>J\u00e9r\u00f4me et Adeline<\/p>\n","protected":false},"excerpt":{"rendered":"<p>Bonsoir \u00e0 tous ! D\u00e9j\u00e0 6 mois que Pyrando est en ligne et pour f\u00eater \u00e7a le site enregistre d\u00e9j\u00e0 2000 visites ! Cet article est l&rsquo;occasion de faire un point rapide sur l&rsquo;avanc\u00e9e du site. Au niveau d\u00e9veloppement, la &hellip; <a href=\"https:\/\/www.pyrandonnees.fr\/blog\/?p=211\">Continuer la lecture <span class=\"meta-nav\">&rarr;<\/span><\/a><\/p>\n","protected":false},"author":1,"featured_media":0,"comment_status":"open","ping_status":"open","sticky":false,"template":"","format":"standard","meta":{"footnotes":""},"categories":[3],"tags":[],"class_list":["post-211","post","type-post","status-publish","format-standard","hentry","category-pyrandonnees"],"_links":{"self":[{"href":"https:\/\/www.pyrandonnees.fr\/blog\/index.php?rest_route=\/wp\/v2\/posts\/211","targetHints":{"allow":["GET"]}}],"collection":[{"href":"https:\/\/www.pyrandonnees.fr\/blog\/index.php?rest_route=\/wp\/v2\/posts"}],"about":[{"href":"https:\/\/www.pyrandonnees.fr\/blog\/index.php?rest_route=\/wp\/v2\/types\/post"}],"author":[{"embeddable":true,"href":"https:\/\/www.pyrandonnees.fr\/blog\/index.php?rest_route=\/wp\/v2\/users\/1"}],"replies":[{"embeddable":true,"href":"https:\/\/www.pyrandonnees.fr\/blog\/index.php?rest_route=%2Fwp%2Fv2%2Fcomments&post=211"}],"version-history":[{"count":1,"href":"https:\/\/www.pyrandonnees.fr\/blog\/index.php?rest_route=\/wp\/v2\/posts\/211\/revisions"}],"predecessor-version":[{"id":1242,"href":"https:\/\/www.pyrandonnees.fr\/blog\/index.php?rest_route=\/wp\/v2\/posts\/211\/revisions\/1242"}],"wp:attachment":[{"href":"https:\/\/www.pyrandonnees.fr\/blog\/index.php?rest_route=%2Fwp%2Fv2%2Fmedia&parent=211"}],"wp:term":[{"taxonomy":"category","embeddable":true,"href":"https:\/\/www.pyrandonnees.fr\/blog\/index.php?rest_route=%2Fwp%2Fv2%2Fcategories&post=211"},{"taxonomy":"post_tag","embeddable":true,"href":"https:\/\/www.pyrandonnees.fr\/blog\/index.php?rest_route=%2Fwp%2Fv2%2Ftags&post=211"}],"curies":[{"name":"wp","href":"https:\/\/api.w.org\/{rel}","templated":true}]}}