{"id":192,"date":"2009-05-18T23:00:21","date_gmt":"2009-05-18T22:00:21","guid":{"rendered":"http:\/\/www.pyrandonnees.fr\/blog\/?p=192"},"modified":"2009-05-18T23:00:21","modified_gmt":"2009-05-18T22:00:21","slug":"pour-bien-commencer-la-saison-de-randonnee","status":"publish","type":"post","link":"https:\/\/www.pyrandonnees.fr\/blog\/?p=192","title":{"rendered":"Pour bien commencer la saison de randonn\u00e9e ;)"},"content":{"rendered":"<p>Bonsoir \u00e0 tous !<\/p>\n<p>Le sympathique mois de mai \u00e9tant propice aux weekends \u00e0 rallonge, nous allons profiter des 4 jours de cong\u00e9s du 21 au 24 mai pour r\u00e9aliser un petit circuit dans les montagnes du Pays Basque au c\u0153ur de la Soule. Les quelques randonn\u00e9es effectu\u00e9es cet hiver sont d\u00e9j\u00e0 loin et nos jambes ne demandent qu&rsquo;\u00e0 se d\u00e9gourdir \ud83d\ude09<\/p>\n<p>Le programme pr\u00e9vu est le suivant :<br \/>\n&#8211; Gorges de Kakuetta<br \/>\n&#8211; Circuit autour des gorges d&rsquo;Holzarte<br \/>\n&#8211; Circuit autour d&rsquo;Iraty par le Pic des Escaliers<\/p>\n<p>La m\u00e9t\u00e9o pr\u00e9vue n&rsquo;est pas tr\u00e8s propice pour le moment&#8230; esp\u00e9rons que cela va s&rsquo;am\u00e9liorer.<\/p>\n<p>A bient\u00f4t pour un compte rendu d\u00e9taill\u00e9 de ce premier week end de la saison 2009 \ud83d\ude09<\/p>\n<p>J\u00e9r\u00f4me<\/p>\n","protected":false},"excerpt":{"rendered":"<p>Bonsoir \u00e0 tous ! Le sympathique mois de mai \u00e9tant propice aux weekends \u00e0 rallonge, nous allons profiter des 4 jours de cong\u00e9s du 21 au 24 mai pour r\u00e9aliser un petit circuit dans les montagnes du Pays Basque au &hellip; <a href=\"https:\/\/www.pyrandonnees.fr\/blog\/?p=192\">Continuer la lecture <span class=\"meta-nav\">&rarr;<\/span><\/a><\/p>\n","protected":false},"author":1,"featured_media":0,"comment_status":"open","ping_status":"open","sticky":false,"template":"","format":"standard","meta":{"footnotes":""},"categories":[4],"tags":[],"class_list":["post-192","post","type-post","status-publish","format-standard","hentry","category-randonnee"],"_links":{"self":[{"href":"https:\/\/www.pyrandonnees.fr\/blog\/index.php?rest_route=\/wp\/v2\/posts\/192","targetHints":{"allow":["GET"]}}],"collection":[{"href":"https:\/\/www.pyrandonnees.fr\/blog\/index.php?rest_route=\/wp\/v2\/posts"}],"about":[{"href":"https:\/\/www.pyrandonnees.fr\/blog\/index.php?rest_route=\/wp\/v2\/types\/post"}],"author":[{"embeddable":true,"href":"https:\/\/www.pyrandonnees.fr\/blog\/index.php?rest_route=\/wp\/v2\/users\/1"}],"replies":[{"embeddable":true,"href":"https:\/\/www.pyrandonnees.fr\/blog\/index.php?rest_route=%2Fwp%2Fv2%2Fcomments&post=192"}],"version-history":[{"count":0,"href":"https:\/\/www.pyrandonnees.fr\/blog\/index.php?rest_route=\/wp\/v2\/posts\/192\/revisions"}],"wp:attachment":[{"href":"https:\/\/www.pyrandonnees.fr\/blog\/index.php?rest_route=%2Fwp%2Fv2%2Fmedia&parent=192"}],"wp:term":[{"taxonomy":"category","embeddable":true,"href":"https:\/\/www.pyrandonnees.fr\/blog\/index.php?rest_route=%2Fwp%2Fv2%2Fcategories&post=192"},{"taxonomy":"post_tag","embeddable":true,"href":"https:\/\/www.pyrandonnees.fr\/blog\/index.php?rest_route=%2Fwp%2Fv2%2Ftags&post=192"}],"curies":[{"name":"wp","href":"https:\/\/api.w.org\/{rel}","templated":true}]}}