{"id":169,"date":"2009-04-27T21:06:18","date_gmt":"2009-04-27T20:06:18","guid":{"rendered":"http:\/\/www.pyrandonnees.fr\/blog\/?p=169"},"modified":"2009-04-27T21:06:18","modified_gmt":"2009-04-27T20:06:18","slug":"un-weekend-de-fin-de-saison-memorable","status":"publish","type":"post","link":"https:\/\/www.pyrandonnees.fr\/blog\/?p=169","title":{"rendered":"Un weekend de fin de saison m\u00e9morable !"},"content":{"rendered":"<p>Bonjour \u00e0 tous !<\/p>\n<p>Voici le compte rendu du tant attendu weekend de fermeture de la station de Cauterets les 25 et 25 avril 2009 !<\/p>\n<p>Polo est parti en \u00e9claireur et profite de la fin de saison depuis le mercredi 22 avril.<\/p>\n<p>Le weekend d\u00e9marre assez mal avec une m\u00e9t\u00e9o annonc\u00e9e plut\u00f4t charg\u00e9e sur l&rsquo;ensemble du Sud-Ouest. Nous d\u00e9cidons toutefois de terminer la saison co\u00fbte que co\u00fbte malgr\u00e9 les conditions m\u00e9t\u00e9o incertaines.<\/p>\n<p>Arriv\u00e9e \u00e0 Cauterets vers 23h. A notre passage dans la rue de la Raill\u00e8re Polo nous attend devant chez Bedau avec Lulu et Den&rsquo;s. Petite soir\u00e9e tranquille \u00e0 boire des coups et \u00e0 pr\u00e9parer la journ\u00e9e du lendemain.<\/p>\n<p><strong>Samedi 25 avril<\/strong> :<br \/>\nNous nous levons aux aurores (c&rsquo;est \u00e0 dire vers 8h00), le temps est compl\u00e8tement bouch\u00e9 et il pleut dans le village. Adeline d\u00e9cide de rester au lit \ud83d\ude09 A la vente des forfaits la caissi\u00e8re nous annonce une visibilit\u00e9 nulle sur les pistes. Nous prenons la t\u00e9l\u00e9cabine qui monte lentement vers le domaine du Lys sous la pluie. Nous commen\u00e7ons \u00e0 skier dans le brouillard le plus complet. Le vent se l\u00e8ve et le temps finit par se d\u00e9couvrir laissant appara\u00eetre une magnifique mer de nuages sur la vall\u00e9e. Seule la partie basse du domaine reste dans le brouillard.<\/p>\n<div style=\"width: 460px\" class=\"wp-caption aligncenter\"><img loading=\"lazy\" decoding=\"async\" title=\"Mer de nuage sur la vall\u00e9e de Cauterets\" src=\"https:\/\/www.pyrandonnees.fr\/img\/blog\/DSC02784.jpg\" alt=\"Mer de nuage sur la vall\u00e9e de Cauterets\" width=\"450\" height=\"337\" \/><p class=\"wp-caption-text\">Mer de nuage sur la vall\u00e9e de Cauterets<\/p><\/div>\n<p>Le vent maintient le ciel d\u00e9couvert mais nuageux. Le temps se recouvre ensuite en d\u00e9but d&rsquo;apr\u00e8s midi jusqu&rsquo;\u00e0 la fermeture des pistes \u00e0 15h00.<\/p>\n<p style=\"text-align: center;\">\n<div style=\"width: 460px\" class=\"wp-caption aligncenter\"><img loading=\"lazy\" decoding=\"async\" title=\"Fin de journ\u00e9e\" src=\"https:\/\/www.pyrandonnees.fr\/img\/blog\/DSC02787.jpg\" alt=\"Fin de journ\u00e9e\" width=\"450\" height=\"337\" \/><p class=\"wp-caption-text\">Fin de journ\u00e9e<\/p><\/div>\n<p>Le soir petite soir\u00e9e chez Bedau avec ap\u00e9ro + repas histoire de d\u00e9guster quelques sp\u00e9cialit\u00e9s culinaires de notre grand Sud-Ouest accompagn\u00e9es de breuvages go\u00fbtus (U cop, U gnac !) \ud83d\ude09<\/p>\n<p><strong>Dimanche 26 avril :<br \/>\n<\/strong>Au petit matin, la d\u00e9gradation d&rsquo;hier est confirm\u00e9e le temps est compl\u00e8tement bouch\u00e9 et il neige abondamment. Adeline d\u00e9cide encore de rester au lit \ud83d\ude09 A notre arriv\u00e9e sur les pistes nous d\u00e9couvrons avec grand plaisir les 40 cm de neige fraiche tomb\u00e9e toute la nuit ! Une situation inesp\u00e9r\u00e9e en cette fin de saison.<\/p>\n<div style=\"width: 460px\" class=\"wp-caption aligncenter\"><img loading=\"lazy\" decoding=\"async\" title=\"Temps couvert et neige pour le dernier jour de la saison !\" src=\"https:\/\/www.pyrandonnees.fr\/img\/blog\/IMG_0764.jpg\" alt=\"40 cm de neige fraiche fin avril !\" width=\"450\" height=\"337\" \/><p class=\"wp-caption-text\">Temps couvert et neige pour le dernier jour de la saison !<\/p><\/div>\n<p>Descendre \u00e0 fond derri\u00e8re Polo sur la br\u00e8che dans 40 cm de neige fraiche un 26 avril&#8230;<br \/>\nLe temps ne se l\u00e8vera pas de la journ\u00e9e mais nous skierons jusqu&rsquo;\u00e0 la fermeture dans le brouillard et sous la neige profitant de ces derniers instants privil\u00e9gi\u00e9s de glisse.<\/p>\n<p>Apr\u00e8s plus de 150 jours d&rsquo;ouverture et un total cumul\u00e9 de 11 m de chutes de neige sur la saison, la station de Cauterets ferme finalement ses portes \u00e0 15h00 comme pr\u00e9vu. Nous redescendons laissant derri\u00e8re nous le cirque du Lys sous ses 4m50 de neige.<\/p>\n<p>Comme le dit Polo dans son commentaire, cette fin de saison nous laissera un tr\u00e8s grand souvenir de ski tout comme l&rsquo;ensemble de la saison qui s&rsquo;est av\u00e9r\u00e9e r\u00e9ellement exceptionnelle. Merci \u00e0 tous ceux qui nous ont suivis pendant cette magnifique saison de ski.<\/p>\n<p>A l&rsquo;ann\u00e9e prochaine ou peut-\u00eatre m\u00eame avant qui sait&#8230; \ud83d\ude09<\/p>\n<div style=\"width: 460px\" class=\"wp-caption aligncenter\"><img loading=\"lazy\" decoding=\"async\" title=\"Keep riding !\" src=\"https:\/\/www.pyrandonnees.fr\/img\/blog\/IMG_0792.jpg\" alt=\"Keep riding !\" width=\"450\" height=\"337\" \/><p class=\"wp-caption-text\">Keep riding !<\/p><\/div>\n<p>Adishatz !<\/p>\n<p>J\u00e9r\u00f4me<\/p>\n","protected":false},"excerpt":{"rendered":"<p>Bonjour \u00e0 tous ! Voici le compte rendu du tant attendu weekend de fermeture de la station de Cauterets les 25 et 25 avril 2009 ! Polo est parti en \u00e9claireur et profite de la fin de saison depuis le &hellip; <a href=\"https:\/\/www.pyrandonnees.fr\/blog\/?p=169\">Continuer la lecture <span class=\"meta-nav\">&rarr;<\/span><\/a><\/p>\n","protected":false},"author":1,"featured_media":0,"comment_status":"open","ping_status":"open","sticky":false,"template":"","format":"standard","meta":{"footnotes":""},"categories":[5],"tags":[],"class_list":["post-169","post","type-post","status-publish","format-standard","hentry","category-ski"],"_links":{"self":[{"href":"https:\/\/www.pyrandonnees.fr\/blog\/index.php?rest_route=\/wp\/v2\/posts\/169","targetHints":{"allow":["GET"]}}],"collection":[{"href":"https:\/\/www.pyrandonnees.fr\/blog\/index.php?rest_route=\/wp\/v2\/posts"}],"about":[{"href":"https:\/\/www.pyrandonnees.fr\/blog\/index.php?rest_route=\/wp\/v2\/types\/post"}],"author":[{"embeddable":true,"href":"https:\/\/www.pyrandonnees.fr\/blog\/index.php?rest_route=\/wp\/v2\/users\/1"}],"replies":[{"embeddable":true,"href":"https:\/\/www.pyrandonnees.fr\/blog\/index.php?rest_route=%2Fwp%2Fv2%2Fcomments&post=169"}],"version-history":[{"count":0,"href":"https:\/\/www.pyrandonnees.fr\/blog\/index.php?rest_route=\/wp\/v2\/posts\/169\/revisions"}],"wp:attachment":[{"href":"https:\/\/www.pyrandonnees.fr\/blog\/index.php?rest_route=%2Fwp%2Fv2%2Fmedia&parent=169"}],"wp:term":[{"taxonomy":"category","embeddable":true,"href":"https:\/\/www.pyrandonnees.fr\/blog\/index.php?rest_route=%2Fwp%2Fv2%2Fcategories&post=169"},{"taxonomy":"post_tag","embeddable":true,"href":"https:\/\/www.pyrandonnees.fr\/blog\/index.php?rest_route=%2Fwp%2Fv2%2Ftags&post=169"}],"curies":[{"name":"wp","href":"https:\/\/api.w.org\/{rel}","templated":true}]}}