{"id":1416,"date":"2023-07-23T22:19:26","date_gmt":"2023-07-23T21:19:26","guid":{"rendered":"https:\/\/www.pyrandonnees.fr\/blog\/?p=1416"},"modified":"2024-07-31T15:35:23","modified_gmt":"2024-07-31T14:35:23","slug":"randonnees-dete-au-mois-de-juillet-a-cauterets-2","status":"publish","type":"post","link":"https:\/\/www.pyrandonnees.fr\/blog\/?p=1416","title":{"rendered":"Randonn\u00e9es d&rsquo;\u00e9t\u00e9 au mois de juillet \u00e0 Cauterets"},"content":{"rendered":"<p>Bonjour \u00e0 tous !<\/p>\n<p>Petit compte-rendu de notre semaine de randonn\u00e9es \u00e0 Cauterets et aux alentours !<\/p>\n<p><strong><a href=\"https:\/\/www.pyrandonnees.fr\/rando_tour-cretes-hautacam.php\" target=\"_blank\" rel=\"noopener\">Jour 1 : Tour des cr\u00e8tes du Hautacam<\/a><\/strong><\/p>\n<p>Nous d\u00e9marrons notre s\u00e9jour avec une belle boucle suivie d&rsquo;une soir\u00e9e astronomie sur les cr\u00e8tes du Hautacam.<\/p>\n<p>Apr\u00e8s une courte mont\u00e9e \u00e0 travers de vers p\u00e2turages nous d\u00e9couvrons les cr\u00e8tes avec la vue magnifique sur la vall\u00e9e du Hautacam et les sommets alentours.<\/p>\n<div style=\"width: 610px\" class=\"wp-caption alignnone\"><img loading=\"lazy\" decoding=\"async\" class=\"\" src=\"https:\/\/www.pyrandonnees.fr\/randos\/236\/IMG_3174.jpg\" alt=\"Coucher de soleil depuis le Hautacam\" width=\"600\" height=\"450\" \/><p class=\"wp-caption-text\">Coucher de soleil depuis le Hautacam<\/p><\/div>\n<p>La soir\u00e9e se poursuit avec un bon repas \u00e0 l&rsquo;auberge du Tramassel suivie d&rsquo;une soir\u00e9e d\u00e9couverte de l&rsquo;astronomie avec des sp\u00e9cialistes.<\/p>\n<p><strong><a href=\"https:\/\/www.pyrandonnees.fr\/rando_chemin_des_cascades.php\" target=\"_blank\" rel=\"noopener\">Jour 2 : Chemin des cascades<\/a><\/strong><\/p>\n<p>Cette randonn\u00e9e fait partie des grands classiques au d\u00e9part de Cauterets. Nous l&rsquo;appr\u00e9cions particuli\u00e8rement car elle est facile, les cascades sont magnifiques et elle est ombrag\u00e9e ce qui est tr\u00e8s agr\u00e9able quand il y a de fortes chaleurs.<\/p>\n<div style=\"width: 610px\" class=\"wp-caption alignnone\"><img loading=\"lazy\" decoding=\"async\" class=\"\" src=\"https:\/\/www.pyrandonnees.fr\/randos\/237\/IMG_3196.jpg\" alt=\"Le chemin des cascades de Cauterets\" width=\"600\" height=\"450\" \/><p class=\"wp-caption-text\">Le chemin des cascades de Cauterets<\/p><\/div>\n<p>Petit r\u00e9confort \u00e0 l&rsquo;arriv\u00e9e en prenant une glace \u00e0 l&rsquo;h\u00f4tellerie du Pont d&rsquo;Espagne.<\/p>\n<p><strong><a href=\"https:\/\/www.pyrandonnees.fr\/rando_plateau_du_marcadau.php\" target=\"_blank\" rel=\"noopener\">Jour 3 : Plateau du Marcadau<\/a><\/strong><\/p>\n<p>Pour cette journ\u00e9e couverte nous d\u00e9cidons d&rsquo;aller d\u00e9jeuner au bord du gave sur le plateau du Marcadau. Cette randonn\u00e9e facile offre vue magnifique sur le plateau.<\/p>\n<div style=\"width: 611px\" class=\"wp-caption alignnone\"><img loading=\"lazy\" decoding=\"async\" class=\"\" src=\"https:\/\/www.pyrandonnees.fr\/randos\/238\/IMG_3237.jpg\" alt=\"Plateau du Marcadau\" width=\"601\" height=\"451\" \/><p class=\"wp-caption-text\">Plateau du Marcadau<\/p><\/div>\n<p>Endroit id\u00e9al pour pique-niquer au bord de l&rsquo;eau.<\/p>\n<p>En r\u00e9sum\u00e9 une belle semaine qui nous aura permis de prendre un grand bol d&rsquo;air et de profiter des paysages des Pyr\u00e9n\u00e9es.<\/p>\n<p>Bonnes randonn\u00e9es dans les Pyr\u00e9n\u00e9es \u00e0 tous !<\/p>\n<p>J\u00e9r\u00f4me<\/p>\n","protected":false},"excerpt":{"rendered":"<p>Bonjour \u00e0 tous ! Petit compte-rendu de notre semaine de randonn\u00e9es \u00e0 Cauterets et aux alentours ! Jour 1 : Tour des cr\u00e8tes du Hautacam Nous d\u00e9marrons notre s\u00e9jour avec une belle boucle suivie d&rsquo;une soir\u00e9e astronomie sur les cr\u00e8tes &hellip; <a href=\"https:\/\/www.pyrandonnees.fr\/blog\/?p=1416\">Continuer la lecture <span class=\"meta-nav\">&rarr;<\/span><\/a><\/p>\n","protected":false},"author":1,"featured_media":0,"comment_status":"open","ping_status":"open","sticky":false,"template":"","format":"standard","meta":{"footnotes":""},"categories":[4],"tags":[],"class_list":["post-1416","post","type-post","status-publish","format-standard","hentry","category-randonnee"],"_links":{"self":[{"href":"https:\/\/www.pyrandonnees.fr\/blog\/index.php?rest_route=\/wp\/v2\/posts\/1416","targetHints":{"allow":["GET"]}}],"collection":[{"href":"https:\/\/www.pyrandonnees.fr\/blog\/index.php?rest_route=\/wp\/v2\/posts"}],"about":[{"href":"https:\/\/www.pyrandonnees.fr\/blog\/index.php?rest_route=\/wp\/v2\/types\/post"}],"author":[{"embeddable":true,"href":"https:\/\/www.pyrandonnees.fr\/blog\/index.php?rest_route=\/wp\/v2\/users\/1"}],"replies":[{"embeddable":true,"href":"https:\/\/www.pyrandonnees.fr\/blog\/index.php?rest_route=%2Fwp%2Fv2%2Fcomments&post=1416"}],"version-history":[{"count":3,"href":"https:\/\/www.pyrandonnees.fr\/blog\/index.php?rest_route=\/wp\/v2\/posts\/1416\/revisions"}],"predecessor-version":[{"id":1418,"href":"https:\/\/www.pyrandonnees.fr\/blog\/index.php?rest_route=\/wp\/v2\/posts\/1416\/revisions\/1418"}],"wp:attachment":[{"href":"https:\/\/www.pyrandonnees.fr\/blog\/index.php?rest_route=%2Fwp%2Fv2%2Fmedia&parent=1416"}],"wp:term":[{"taxonomy":"category","embeddable":true,"href":"https:\/\/www.pyrandonnees.fr\/blog\/index.php?rest_route=%2Fwp%2Fv2%2Fcategories&post=1416"},{"taxonomy":"post_tag","embeddable":true,"href":"https:\/\/www.pyrandonnees.fr\/blog\/index.php?rest_route=%2Fwp%2Fv2%2Ftags&post=1416"}],"curies":[{"name":"wp","href":"https:\/\/api.w.org\/{rel}","templated":true}]}}