{"id":1405,"date":"2022-07-22T14:11:07","date_gmt":"2022-07-22T13:11:07","guid":{"rendered":"https:\/\/www.pyrandonnees.fr\/blog\/?p=1405"},"modified":"2022-10-31T17:01:49","modified_gmt":"2022-10-31T16:01:49","slug":"randonnees-dete-au-mois-de-juillet-a-cauterets","status":"publish","type":"post","link":"https:\/\/www.pyrandonnees.fr\/blog\/?p=1405","title":{"rendered":"Randonn\u00e9es d&rsquo;\u00e9t\u00e9 au mois de juillet \u00e0 Cauterets"},"content":{"rendered":"<p>Bonjour \u00e0 tous !<\/p>\n<p>Apr\u00e8s de longs mois d&rsquo;attente et de chaleur, nous avions h\u00e2te de nous d\u00e9gourdir les jambes en famille dans nos belles Pyr\u00e9n\u00e9es !<\/p>\n<p>Voici le compte-rendu de cette semaine de randonn\u00e9es en famille autour de Cauterets pour la p\u00e9riode du 14 juillet.<\/p>\n<p><a href=\"https:\/\/www.pyrandonnees.fr\/rando.php?typ=hist&amp;id=229\" target=\"_blank\" rel=\"noopener\"><strong>Jour 1 : Chemin des cascades depuis Cauterets<\/strong><\/a><\/p>\n<p>Quoi de mieux pour se mettre en jambes qu&rsquo;un petit tour sur le chemin des cascades ?<br \/>\nCette randonn\u00e9e pr\u00e9sente en effet de multiples avantages. Elle est facile, accessible \u00e0 tous et \u00e9galement ombrag\u00e9e ce qui est un vrai atout au vu des temp\u00e9ratures de cet \u00e9t\u00e9.<\/p>\n<div style=\"width: 510px\" class=\"wp-caption aligncenter\"><img loading=\"lazy\" decoding=\"async\" class=\"\" src=\"https:\/\/www.pyrandonnees.fr\/randos\/229\/IMG_0722.jpg\" alt=\"Un peu de fraicheur au bord du gave\" width=\"500\" height=\"666\" \/><p class=\"wp-caption-text\">Un peu de fraicheur au bord du gave<\/p><\/div>\n<p>De plus les cascades offrent une brume de fraicheur qui nous invitent \u00e0 faire une petite pause agr\u00e9able tout au long de la mont\u00e9e.<\/p>\n<p><a href=\"https:\/\/www.pyrandonnees.fr\/rando.php?typ=hist&amp;id=262\" target=\"_blank\" rel=\"noopener\"><strong>Jour 2 : Plateau du Cayan depuis le Pont d&rsquo;Espagne<\/strong><\/a><\/p>\n<p>Une journ\u00e9e plus tranquille, pour se reposer de la veille et profiter du bord du gave avec un bon sandwich, \u00e0 l&rsquo;ombre des sapins.<\/p>\n<p><strong><a href=\"https:\/\/www.pyrandonnees.fr\/rando.php?typ=hist&amp;id=231\" target=\"_blank\" rel=\"noopener\">Jour 3 : La Fruiti\u00e8re depuis Cauterets<\/a><\/strong><\/p>\n<p>Encore une belle journ\u00e9e pour profiter en famille de la montagne et de la gastronomie locale. Un petit d\u00e9jeuner \u00e0 l&rsquo;h\u00f4tellerie de la Fruiti\u00e8re pour profiter des bons petits plats cuisin\u00e9s avant de faire une sieste au bord du gave, que demander de plus ?<\/p>\n<div style=\"width: 1290px\" class=\"wp-caption aligncenter\"><img loading=\"lazy\" decoding=\"async\" class=\"size-medium\" src=\"https:\/\/www.pyrandonnees.fr\/randos\/231\/IMG_0834.jpg\" alt=\"La Fruiti\u00e8re\" width=\"1280\" height=\"960\" \/><p class=\"wp-caption-text\">La Fruiti\u00e8re<\/p><\/div>\n<p>Au retour, petit crochet par la Raill\u00e8re pour aller faire une belle boucle et retrouver le village de Cauterets.<\/p>\n<p><a href=\"https:\/\/www.pyrandonnees.fr\/rando.php?typ=hist&amp;id=232\" target=\"_blank\" rel=\"noopener\"><strong>Jour 4 : Lac de Gaube depuis le Pont d&rsquo;Espagne<\/strong><\/a><\/p>\n<p>Magnifique journ\u00e9e au lac de Gaube pour conclure cette belle semaine de randonn\u00e9es dans les Pyr\u00e9n\u00e9es autour de Cauterets.<\/p>\n<div style=\"width: 1290px\" class=\"wp-caption aligncenter\"><img loading=\"lazy\" decoding=\"async\" class=\"size-medium\" src=\"https:\/\/www.pyrandonnees.fr\/randos\/232\/IMG_0925.jpg\" alt=\"Le magnifique lac de Gaube\" width=\"1280\" height=\"960\" \/><p class=\"wp-caption-text\">Le magnifique lac de Gaube<\/p><\/div>\n<p>En conclusion, une tr\u00e8s belle semaine de randonn\u00e9es dans les Pyr\u00e9n\u00e9es au mois de juillet avec des temp\u00e9ratures tr\u00e8s chaudes que la montagne et la fraicheur des gaves nous ont permis de supporter plus facilement.<\/p>\n<p>Bonnes randonn\u00e9es dans les Pyr\u00e9n\u00e9es \u00e0 tous !<\/p>\n<p>J\u00e9r\u00f4me<\/p>\n","protected":false},"excerpt":{"rendered":"<p>Bonjour \u00e0 tous ! Apr\u00e8s de longs mois d&rsquo;attente et de chaleur, nous avions h\u00e2te de nous d\u00e9gourdir les jambes en famille dans nos belles Pyr\u00e9n\u00e9es ! Voici le compte-rendu de cette semaine de randonn\u00e9es en famille autour de Cauterets &hellip; <a href=\"https:\/\/www.pyrandonnees.fr\/blog\/?p=1405\">Continuer la lecture <span class=\"meta-nav\">&rarr;<\/span><\/a><\/p>\n","protected":false},"author":1,"featured_media":0,"comment_status":"open","ping_status":"open","sticky":false,"template":"","format":"standard","meta":{"footnotes":""},"categories":[4],"tags":[],"class_list":["post-1405","post","type-post","status-publish","format-standard","hentry","category-randonnee"],"_links":{"self":[{"href":"https:\/\/www.pyrandonnees.fr\/blog\/index.php?rest_route=\/wp\/v2\/posts\/1405","targetHints":{"allow":["GET"]}}],"collection":[{"href":"https:\/\/www.pyrandonnees.fr\/blog\/index.php?rest_route=\/wp\/v2\/posts"}],"about":[{"href":"https:\/\/www.pyrandonnees.fr\/blog\/index.php?rest_route=\/wp\/v2\/types\/post"}],"author":[{"embeddable":true,"href":"https:\/\/www.pyrandonnees.fr\/blog\/index.php?rest_route=\/wp\/v2\/users\/1"}],"replies":[{"embeddable":true,"href":"https:\/\/www.pyrandonnees.fr\/blog\/index.php?rest_route=%2Fwp%2Fv2%2Fcomments&post=1405"}],"version-history":[{"count":1,"href":"https:\/\/www.pyrandonnees.fr\/blog\/index.php?rest_route=\/wp\/v2\/posts\/1405\/revisions"}],"predecessor-version":[{"id":1406,"href":"https:\/\/www.pyrandonnees.fr\/blog\/index.php?rest_route=\/wp\/v2\/posts\/1405\/revisions\/1406"}],"wp:attachment":[{"href":"https:\/\/www.pyrandonnees.fr\/blog\/index.php?rest_route=%2Fwp%2Fv2%2Fmedia&parent=1405"}],"wp:term":[{"taxonomy":"category","embeddable":true,"href":"https:\/\/www.pyrandonnees.fr\/blog\/index.php?rest_route=%2Fwp%2Fv2%2Fcategories&post=1405"},{"taxonomy":"post_tag","embeddable":true,"href":"https:\/\/www.pyrandonnees.fr\/blog\/index.php?rest_route=%2Fwp%2Fv2%2Ftags&post=1405"}],"curies":[{"name":"wp","href":"https:\/\/api.w.org\/{rel}","templated":true}]}}