{"id":1402,"date":"2022-08-27T13:50:53","date_gmt":"2022-08-27T12:50:53","guid":{"rendered":"https:\/\/www.pyrandonnees.fr\/blog\/?p=1402"},"modified":"2022-10-29T14:07:45","modified_gmt":"2022-10-29T13:07:45","slug":"randonnees-dete-au-mois-daout-a-cauterets","status":"publish","type":"post","link":"https:\/\/www.pyrandonnees.fr\/blog\/?p=1402","title":{"rendered":"Randonn\u00e9es d&rsquo;\u00e9t\u00e9 au mois d&rsquo;ao\u00fbt \u00e0 Cauterets"},"content":{"rendered":"<p>Bonjour \u00e0 tous !<\/p>\n<p>Avec les magnifiques conditions m\u00e9t\u00e9o de cet \u00e9t\u00e9, nous avions h\u00e2te de retrouver les montagnes pour de belles randonn\u00e9es en famille !<\/p>\n<p>Voici quelques d\u00e9tails sur nos escapades en montagne.<\/p>\n<p><a href=\"https:\/\/www.pyrandonnees.fr\/rando.php?typ=hist&amp;id=233\" target=\"_blank\" rel=\"noopener\"><strong>Jour 1 : La ferme Basque depuis Cauterets<\/strong><\/a><\/p>\n<p>Belle promenade en famille au dessus de Cauterets pour aller d\u00e9jeuner \u00e0 la ferme Basque.<br \/>\nVue magnifique sur la vall\u00e9e et le village de Cauterets. Le temps d&rsquo;abord nuageux se d\u00e9gage ensuite pour faire place au soleil.<\/p>\n<div style=\"width: 1290px\" class=\"wp-caption aligncenter\"><img loading=\"lazy\" decoding=\"async\" class=\"size-medium\" src=\"https:\/\/www.pyrandonnees.fr\/randos\/233\/IMG_1375.jpg\" alt=\"Magnifique vue sur Cauterets depuis la ferme Basque\" width=\"1280\" height=\"960\" \/><p class=\"wp-caption-text\">Magnifique vue sur Cauterets depuis la ferme Basque<\/p><\/div>\n<p>Apr\u00e8s un excellent d\u00e9jeuner, retour en boucle par le Mamelon Vert.<\/p>\n<p><a href=\"https:\/\/www.pyrandonnees.fr\/rando.php?typ=hist&amp;id=234\" target=\"_blank\" rel=\"noopener\"><strong>Jour 2 : Journ\u00e9e familiale au lac de Gaube<\/strong><\/a><\/p>\n<p>Le temps est tr\u00e8s chaud pour cette journ\u00e9e aussi nous d\u00e9cidons d&rsquo;aller nous rafraichir au lac de Gaube.<br \/>\nApr\u00e8s la mont\u00e9e en t\u00e9l\u00e9si\u00e8ge et le petit parcours am\u00e9nag\u00e9 effectu\u00e9, nous d\u00e9couvrons la vue sur le lac qui est toujours aussi magnifique.<\/p>\n<div style=\"width: 1290px\" class=\"wp-caption aligncenter\"><img loading=\"lazy\" decoding=\"async\" class=\"size-medium\" src=\"https:\/\/www.pyrandonnees.fr\/randos\/234\/IMG_1432.jpg\" alt=\"Le magnifique Lac de Gaube\" width=\"1280\" height=\"960\" \/><p class=\"wp-caption-text\">Le magnifique Lac de Gaube<\/p><\/div>\n<p>Le pique-nique sur la rive du lac est tr\u00e8s agr\u00e9able. Nous redescendons ensuite au Pont d&rsquo;Espagne puis au village avec de belles images plein les yeux.<\/p>\n<p><strong><a href=\"https:\/\/www.pyrandonnees.fr\/rando.php?typ=hist&amp;id=235\" target=\"_blank\" rel=\"noopener\">Jour 3 : Promenade sur le plateau du Cayan<\/a><\/strong><\/p>\n<p>Nous s\u00e9jour se conclut par un petit tour sur le plateau du Cayan pour profiter de la fraicheur du bord du gave du Marcadau. Les paysages au dessus du Pont d&rsquo;Espagne sont toujours aussi magnifiques et le pique-nique au bord du gave est un vrai plaisir.<\/p>\n<div style=\"width: 1290px\" class=\"wp-caption aligncenter\"><img loading=\"lazy\" decoding=\"async\" class=\"size-medium\" src=\"https:\/\/www.pyrandonnees.fr\/randos\/235\/IMG_1526.jpg\" alt=\"Le bord du gave au plateau du Cayan\" width=\"1280\" height=\"960\" \/><p class=\"wp-caption-text\">Le bord du gave au plateau du Cayan<\/p><\/div>\n<p>Nous r\u00e9alisons un petit crochet au dessus du plateau pour chercher quelques c\u00e8pes qui ont pouss\u00e9 suite aux averses des derniers jours.<\/p>\n<div style=\"width: 1290px\" class=\"wp-caption aligncenter\"><img loading=\"lazy\" decoding=\"async\" class=\"size-medium\" src=\"https:\/\/www.pyrandonnees.fr\/randos\/235\/IMG_1530.jpg\" alt=\"De quoi pr\u00e9parer une bonne fricass\u00e9e\" width=\"1280\" height=\"960\" \/><p class=\"wp-caption-text\">De quoi pr\u00e9parer une bonne fricass\u00e9e<\/p><\/div>\n<p>Une omelette aux c\u00e8pes conclut ce s\u00e9jour estival fort agr\u00e9able avec de belles randonn\u00e9es qui nous ont permis de profiter de la fraicheur des montagnes en cet \u00e9t\u00e9 caniculaire.<\/p>\n<p>Bonnes randonn\u00e9es dans les Pyr\u00e9n\u00e9es !<\/p>\n<p>J\u00e9r\u00f4me et Adeline<\/p>\n","protected":false},"excerpt":{"rendered":"<p>Bonjour \u00e0 tous ! Avec les magnifiques conditions m\u00e9t\u00e9o de cet \u00e9t\u00e9, nous avions h\u00e2te de retrouver les montagnes pour de belles randonn\u00e9es en famille ! Voici quelques d\u00e9tails sur nos escapades en montagne. Jour 1 : La ferme Basque &hellip; <a href=\"https:\/\/www.pyrandonnees.fr\/blog\/?p=1402\">Continuer la lecture <span class=\"meta-nav\">&rarr;<\/span><\/a><\/p>\n","protected":false},"author":1,"featured_media":0,"comment_status":"open","ping_status":"open","sticky":false,"template":"","format":"standard","meta":{"footnotes":""},"categories":[4],"tags":[],"class_list":["post-1402","post","type-post","status-publish","format-standard","hentry","category-randonnee"],"_links":{"self":[{"href":"https:\/\/www.pyrandonnees.fr\/blog\/index.php?rest_route=\/wp\/v2\/posts\/1402","targetHints":{"allow":["GET"]}}],"collection":[{"href":"https:\/\/www.pyrandonnees.fr\/blog\/index.php?rest_route=\/wp\/v2\/posts"}],"about":[{"href":"https:\/\/www.pyrandonnees.fr\/blog\/index.php?rest_route=\/wp\/v2\/types\/post"}],"author":[{"embeddable":true,"href":"https:\/\/www.pyrandonnees.fr\/blog\/index.php?rest_route=\/wp\/v2\/users\/1"}],"replies":[{"embeddable":true,"href":"https:\/\/www.pyrandonnees.fr\/blog\/index.php?rest_route=%2Fwp%2Fv2%2Fcomments&post=1402"}],"version-history":[{"count":2,"href":"https:\/\/www.pyrandonnees.fr\/blog\/index.php?rest_route=\/wp\/v2\/posts\/1402\/revisions"}],"predecessor-version":[{"id":1404,"href":"https:\/\/www.pyrandonnees.fr\/blog\/index.php?rest_route=\/wp\/v2\/posts\/1402\/revisions\/1404"}],"wp:attachment":[{"href":"https:\/\/www.pyrandonnees.fr\/blog\/index.php?rest_route=%2Fwp%2Fv2%2Fmedia&parent=1402"}],"wp:term":[{"taxonomy":"category","embeddable":true,"href":"https:\/\/www.pyrandonnees.fr\/blog\/index.php?rest_route=%2Fwp%2Fv2%2Fcategories&post=1402"},{"taxonomy":"post_tag","embeddable":true,"href":"https:\/\/www.pyrandonnees.fr\/blog\/index.php?rest_route=%2Fwp%2Fv2%2Ftags&post=1402"}],"curies":[{"name":"wp","href":"https:\/\/api.w.org\/{rel}","templated":true}]}}