{"id":1379,"date":"2020-08-10T10:09:31","date_gmt":"2020-08-10T09:09:31","guid":{"rendered":"https:\/\/www.pyrandonnees.fr\/blog\/?p=1379"},"modified":"2022-10-29T21:10:20","modified_gmt":"2022-10-29T20:10:20","slug":"randonnees-dete-dans-les-pyrenees-autour-de-cauterets-2","status":"publish","type":"post","link":"https:\/\/www.pyrandonnees.fr\/blog\/?p=1379","title":{"rendered":"Randonn\u00e9es d&rsquo;\u00e9t\u00e9 dans les Pyr\u00e9n\u00e9es autour de Cauterets"},"content":{"rendered":"<p>Bonjour \u00e0 tous !<\/p>\n<p>Apr\u00e8s une ann\u00e9e pr\u00e9c\u00e9dente sans randonn\u00e9e d&rsquo;\u00e9t\u00e9 dans les Pyr\u00e9n\u00e9es, nous avions h\u00e2te de retrouver nos belles montagnes pour un bon bol d&rsquo;air et pour nous \u00e9merveiller devant les beaux paysages qui entourent Cauterets. Voici le compte-rendu de ce s\u00e9jour \u00e0 Cauterets et des randonn\u00e9es que nous avons r\u00e9alis\u00e9es au d\u00e9part du village.<\/p>\n<p><strong>Jour 1 : <a href=\"https:\/\/www.pyrandonnees.fr\/rando_chemin_des_cascades.php\" target=\"_blank\" rel=\"noopener\">Le chemin des cascades<\/a><\/strong><\/p>\n<p>Pour d\u00e9marrer notre s\u00e9jour et profiter du beau temps nous allons faire un tour du c\u00f4t\u00e9 du chemin des cascades vers le Pont d&rsquo;Espagne.<\/p>\n<div style=\"width: 1290px\" class=\"wp-caption aligncenter\"><img loading=\"lazy\" decoding=\"async\" class=\"size-medium\" src=\"https:\/\/www.pyrandonnees.fr\/randos\/202\/IMG_6591.JPG\" alt=\"Les cascades du Pont d'Espagne\" width=\"1280\" height=\"960\" \/><p class=\"wp-caption-text\">Les cascades du Pont d&rsquo;Espagne<\/p><\/div>\n<p>Notre fils de 5 ans a tr\u00e8s bien suivi et a bien appr\u00e9ci\u00e9 les diff\u00e9rentes cascades qui jalonnent le parcours. Ce f\u00fbt une tr\u00e8s belle journ\u00e9e o\u00f9 nous avons profit\u00e9 du beau temps et des magnifiques cascades qui sont tr\u00e8s belles \u00e0 cette saison.<\/p>\n<p><strong>Jour 2 : <a href=\"https:\/\/www.pyrandonnees.fr\/rando_fruitiere_cauterets.php\" target=\"_blank\" rel=\"noopener\">La Fruiti\u00e8re depuis Cauterets<\/a><\/strong><\/p>\n<p>Pour continuer sur notre lanc\u00e9e, nous d\u00e9cidons de r\u00e9aliser un grand classique au d\u00e9part de Cauterets en alliant randonn\u00e9e et plaisir gastronomique : aller d\u00e9jeuner en famille \u00e0 l&rsquo;h\u00f4tellerie de la Fruiti\u00e8re.<\/p>\n<div style=\"width: 1290px\" class=\"wp-caption aligncenter\"><img loading=\"lazy\" decoding=\"async\" class=\"size-medium\" src=\"https:\/\/www.pyrandonnees.fr\/randos\/203\/IMG_6665.JPG\" alt=\"La Fruiti\u00e8re dans la vall\u00e9e du Lutour\" width=\"1280\" height=\"960\" \/><p class=\"wp-caption-text\">La Fruiti\u00e8re dans la vall\u00e9e du Lutour<\/p><\/div>\n<p>Une belle journ\u00e9e et une randonn\u00e9e facile \u00e0 faire pour tous !<\/p>\n<p><strong>Jour 3<\/strong> : <a href=\"https:\/\/www.pyrandonnees.fr\/rando_vallon_pouey_trenous.php\" target=\"_blank\" rel=\"noopener\"><strong>Vallon de Pouey Trenous<\/strong><\/a><\/p>\n<p>Pour profiter du beau temps, je d\u00e9cide d&rsquo;aller faire une randonn\u00e9e plus sportive cette fois-ci avec un ami de passage dans la r\u00e9gion. Nous d\u00e9cidons d&rsquo;aller rendre visite au vallon de Pouey Trenous. Cet itin\u00e9raire assez sauvage permet de d\u00e9couvrir un joli vallon qui offre beaucoup de calme et de qui\u00e9tude car il est peu fr\u00e9quent\u00e9.<\/p>\n<div style=\"width: 1290px\" class=\"wp-caption aligncenter\"><img loading=\"lazy\" decoding=\"async\" class=\"size-medium\" src=\"https:\/\/www.pyrandonnees.fr\/randos\/204\/IMG_6711.JPG\" alt=\"Vallon sauvage de Pouey Trenous\" width=\"1280\" height=\"960\" \/><p class=\"wp-caption-text\">Vallon sauvage de Pouey Trenous<\/p><\/div>\n<p>Une belle journ\u00e9e de randonn\u00e9e au dessus du Pont d&rsquo;Espagne loin des sentiers habituels qui sont assez fr\u00e9quent\u00e9s en cette saison.<\/p>\n<p><strong>Jour 4<\/strong> : <a href=\"https:\/\/www.pyrandonnees.fr\/rando_la_raillere_cauterets.php\" target=\"_blank\" rel=\"noopener\"><strong>D\u00e9jeuner \u00e0 la Raill\u00e8re au dessus de Cauterets<\/strong><\/a><\/p>\n<p>Pour cette journ\u00e9e, le temps est nuageux le matin. Nous d\u00e9cidons de faire une petite randonn\u00e9e au d\u00e9part de Cauterets jusqu&rsquo;\u00e0 la Raill\u00e8re pour aller d\u00e9jeuner \u00e0 l&rsquo;Abri du Benqu\u00e8s, une tr\u00e8s bonne adresse pour se r\u00e9galer en famille en profitant de la cascade du Lutour.<\/p>\n<div style=\"width: 527px\" class=\"wp-caption aligncenter\"><img loading=\"lazy\" decoding=\"async\" class=\"\" src=\"https:\/\/www.pyrandonnees.fr\/randos\/205\/IMG_6742.JPG\" alt=\"La cascade du Lutour\" width=\"517\" height=\"690\" \/><p class=\"wp-caption-text\">Au pied de la cascade du Lutour<\/p><\/div>\n<p>Le temps se d\u00e9gage dans la matin\u00e9e et cette boucle au dessus de Cauterets est tr\u00e8s agr\u00e9able en famille.<\/p>\n<p><strong>Jour 5 :<\/strong> <a href=\"https:\/\/www.pyrandonnees.fr\/rando_plateau_du_marcadau.php\" target=\"_blank\" rel=\"noopener\"><strong>Randonn\u00e9e au Pont d&rsquo;Espagne au plateau du Cayan<\/strong><\/a><\/p>\n<p>Encore une belle journ\u00e9e en perspective. Pour varier les plaisirs, nous d\u00e9cidons d&rsquo;aller nous promener au Pont d&rsquo;Espagne jusqu&rsquo;au plateau du Cayan sur le sentier du Marcadau et du refuge Wallon.<\/p>\n<div style=\"width: 1290px\" class=\"wp-caption aligncenter\"><img loading=\"lazy\" decoding=\"async\" class=\"size-medium\" src=\"https:\/\/www.pyrandonnees.fr\/randos\/206\/IMG_6755.JPG\" alt=\"Sur le plateau du Cayan\" width=\"1280\" height=\"960\" \/><p class=\"wp-caption-text\">Sur le plateau du Cayan<\/p><\/div>\n<p>Un endroit id\u00e9al pour se promener avec des enfants car le plateau offre de nombreux endroits pour s&rsquo;installer et pique niquer au bord de l&rsquo;eau.<\/p>\n<p><strong>Jour 6<\/strong> : <a href=\"https:\/\/www.pyrandonnees.fr\/rando_hotellerie_reine_hortense.php\" target=\"_blank\" rel=\"noopener\"><strong>Randonn\u00e9e \u00e0 l&rsquo;h\u00f4tellerie de la Reine Hortense<\/strong><\/a><\/p>\n<p>Apr\u00e8s la sieste des enfants, quoi de plus \u00e9vident que d&rsquo;aller prendre le go\u00fbter \u00e0 l&rsquo;h\u00f4tellerie de la Reine Hortense au dessus de Cauterets ? La randonn\u00e9e est facile et le point de vue sur le village est tr\u00e8s agr\u00e9able !<\/p>\n<div style=\"width: 1290px\" class=\"wp-caption aligncenter\"><img loading=\"lazy\" decoding=\"async\" class=\"size-medium\" src=\"https:\/\/www.pyrandonnees.fr\/randos\/207\/IMG_6796.JPG\" alt=\"L'h\u00f4tellerie de la Reine Hortense \u00e0 Cauterets\" width=\"1280\" height=\"960\" \/><p class=\"wp-caption-text\">L&rsquo;h\u00f4tellerie de la Reine Hortense \u00e0 Cauterets<\/p><\/div>\n<p>De quoi r\u00e9galer petits et grands avec les nombreuses sp\u00e9cialit\u00e9s et gourmandises propos\u00e9es !<\/p>\n<p><strong>Jour 7<\/strong> : <a href=\"https:\/\/www.pyrandonnees.fr\/rando_turon_des_oules.php\" target=\"_blank\" rel=\"noopener\"><strong>Randonn\u00e9e au<\/strong> <b>Turon des Oules<\/b><\/a><\/p>\n<p>Pour terminer ce s\u00e9jour, petite randonn\u00e9e sur un itin\u00e9raire peu connu au dessus de Cauterets qui offre un beau point de vue sur la vall\u00e9e : le Turon des Oules. C&rsquo;est un petit promontoire modeste et facile d&rsquo;acc\u00e8s en famille. Attention toutefois le sentier est \u00e9troit sur la fin et il faut \u00eatre vigilant avec les plus petits.<\/p>\n<div style=\"width: 1290px\" class=\"wp-caption aligncenter\"><img loading=\"lazy\" decoding=\"async\" class=\"size-medium\" src=\"https:\/\/www.pyrandonnees.fr\/randos\/208\/IMG_6867.JPG\" alt=\"Vue sur Cauterets depuis le Turon des Oules\" width=\"1280\" height=\"960\" \/><p class=\"wp-caption-text\">Vue sur Cauterets depuis le Turon des Oules<\/p><\/div>\n<p>Encore une belle journ\u00e9e de randonn\u00e9e ensoleill\u00e9e pour toute la famille.<\/p>\n<p>En r\u00e9sum\u00e9 un beau s\u00e9jour \u00e0 Cauterets au cours duquel nous avons pu profiter en famille des multiples possibilit\u00e9s de randonn\u00e9es faciles au d\u00e9part du village. Le temps a \u00e9t\u00e9 globalement beau et nous a permis de profiter pleinement de ces beaux paysages de montagne.<\/p>\n<p>Bonnes randonn\u00e9es dans les Pyr\u00e9n\u00e9es !<\/p>\n<p>J\u00e9r\u00f4me et Adeline<\/p>\n","protected":false},"excerpt":{"rendered":"<p>Bonjour \u00e0 tous ! Apr\u00e8s une ann\u00e9e pr\u00e9c\u00e9dente sans randonn\u00e9e d&rsquo;\u00e9t\u00e9 dans les Pyr\u00e9n\u00e9es, nous avions h\u00e2te de retrouver nos belles montagnes pour un bon bol d&rsquo;air et pour nous \u00e9merveiller devant les beaux paysages qui entourent Cauterets. Voici le &hellip; <a href=\"https:\/\/www.pyrandonnees.fr\/blog\/?p=1379\">Continuer la lecture <span class=\"meta-nav\">&rarr;<\/span><\/a><\/p>\n","protected":false},"author":1,"featured_media":0,"comment_status":"open","ping_status":"open","sticky":false,"template":"","format":"standard","meta":{"footnotes":""},"categories":[4],"tags":[],"class_list":["post-1379","post","type-post","status-publish","format-standard","hentry","category-randonnee"],"_links":{"self":[{"href":"https:\/\/www.pyrandonnees.fr\/blog\/index.php?rest_route=\/wp\/v2\/posts\/1379","targetHints":{"allow":["GET"]}}],"collection":[{"href":"https:\/\/www.pyrandonnees.fr\/blog\/index.php?rest_route=\/wp\/v2\/posts"}],"about":[{"href":"https:\/\/www.pyrandonnees.fr\/blog\/index.php?rest_route=\/wp\/v2\/types\/post"}],"author":[{"embeddable":true,"href":"https:\/\/www.pyrandonnees.fr\/blog\/index.php?rest_route=\/wp\/v2\/users\/1"}],"replies":[{"embeddable":true,"href":"https:\/\/www.pyrandonnees.fr\/blog\/index.php?rest_route=%2Fwp%2Fv2%2Fcomments&post=1379"}],"version-history":[{"count":7,"href":"https:\/\/www.pyrandonnees.fr\/blog\/index.php?rest_route=\/wp\/v2\/posts\/1379\/revisions"}],"predecessor-version":[{"id":1410,"href":"https:\/\/www.pyrandonnees.fr\/blog\/index.php?rest_route=\/wp\/v2\/posts\/1379\/revisions\/1410"}],"wp:attachment":[{"href":"https:\/\/www.pyrandonnees.fr\/blog\/index.php?rest_route=%2Fwp%2Fv2%2Fmedia&parent=1379"}],"wp:term":[{"taxonomy":"category","embeddable":true,"href":"https:\/\/www.pyrandonnees.fr\/blog\/index.php?rest_route=%2Fwp%2Fv2%2Fcategories&post=1379"},{"taxonomy":"post_tag","embeddable":true,"href":"https:\/\/www.pyrandonnees.fr\/blog\/index.php?rest_route=%2Fwp%2Fv2%2Ftags&post=1379"}],"curies":[{"name":"wp","href":"https:\/\/api.w.org\/{rel}","templated":true}]}}