{"id":1361,"date":"2020-04-23T16:14:39","date_gmt":"2020-04-23T15:14:39","guid":{"rendered":"https:\/\/www.pyrandonnees.fr\/blog\/?p=1361"},"modified":"2020-04-23T18:34:39","modified_gmt":"2020-04-23T17:34:39","slug":"mise-a-jour-des-vues-en-3d-des-itineraires-de-randonnees","status":"publish","type":"post","link":"https:\/\/www.pyrandonnees.fr\/blog\/?p=1361","title":{"rendered":"Mise \u00e0 jour des vues 3D des itin\u00e9raires de randonn\u00e9es"},"content":{"rendered":"<p>Bonjour \u00e0 tous !<\/p>\n<p>En ces temps difficiles de confinement, il nous a paru int\u00e9ressant de mette \u00e0 jour une fonctionnalit\u00e9 du site qui n&rsquo;\u00e9tait pas compl\u00e8tement op\u00e9rationnelle : la visualisation en 3D des itin\u00e9raires de randonn\u00e9es dans les Pyr\u00e9n\u00e9es.<\/p>\n<p>Cette fonctionnalit\u00e9 est disponible sur chaque fiche topo d\u00e9taill\u00e9e au niveau de la cartographie. Il suffit de cliquer sur Carte 3D Cesium en mode fen\u00eatr\u00e9 ou en plein \u00e9cran.<\/p>\n<p>Ci-dessous, deux exemples de belles vues que l&rsquo;on peut obtenir en visualisant les trac\u00e9s de randonn\u00e9es : une sur le Vignemale depuis la vall\u00e9e de Gaube et une autre sur le Canyon d&rsquo;Ordesa depuis une position a\u00e9rienne. L&rsquo;immersion dans ces parcours est int\u00e9ressante.<\/p>\n<div style=\"width: 539px\" class=\"wp-caption aligncenter\"><img loading=\"lazy\" decoding=\"async\" class=\"\" src=\"https:\/\/www.pyrandonnees.fr\/img\/blog\/vallee-gaube-vignemale.jpg\" alt=\"Vue 3D sur le Vignemale depuis la vall\u00e9e de Gaube\" width=\"529\" height=\"369\" \/><p class=\"wp-caption-text\">Vue 3D sur le Vignemale depuis la vall\u00e9e de Gaube<\/p><\/div>\n<div style=\"width: 541px\" class=\"wp-caption aligncenter\"><img loading=\"lazy\" decoding=\"async\" class=\"\" src=\"https:\/\/www.pyrandonnees.fr\/img\/blog\/canyon-ordesa-mont-perdu.jpg\" alt=\"Vue 3D sur le Canyon d'Ordesa et le Mont Perdu\" width=\"531\" height=\"257\" \/><p class=\"wp-caption-text\">Vue 3D sur le Canyon d&rsquo;Ordesa et le Mont Perdu<\/p><\/div>\n<p>Nous remercions d&rsquo;ailleurs la communaut\u00e9 Cesium qui est tr\u00e8s active et qui nous a d\u00e9bloqu\u00e9s dans la mise en place de ce module.<\/p>\n<p>N&rsquo;h\u00e9sitez pas \u00e0 nous signaler tout bug de visualisation qui pourrait \u00eatre pr\u00e9sent sur certains parcours de randonn\u00e9es.<\/p>\n<p>En esp\u00e9rant que cette fonctionnalit\u00e9 vous permette de voyager \u00e0 distance et en toute s\u00e9curit\u00e9 depuis votre ordinateur et \u00e9galement de pr\u00e9parer vos parcours de randonn\u00e9es pour les prochaines vacances dans nos belles Pyr\u00e9n\u00e9es&#8230;<\/p>\n<p>Prenez bien soin de vous et de vos proches et surtout, restez chez vous \ud83d\ude42<\/p>\n<p>J\u00e9r\u00f4me et Adeline<\/p>\n","protected":false},"excerpt":{"rendered":"<p>Bonjour \u00e0 tous ! En ces temps difficiles de confinement, il nous a paru int\u00e9ressant de mette \u00e0 jour une fonctionnalit\u00e9 du site qui n&rsquo;\u00e9tait pas compl\u00e8tement op\u00e9rationnelle : la visualisation en 3D des itin\u00e9raires de randonn\u00e9es dans les Pyr\u00e9n\u00e9es. &hellip; <a href=\"https:\/\/www.pyrandonnees.fr\/blog\/?p=1361\">Continuer la lecture <span class=\"meta-nav\">&rarr;<\/span><\/a><\/p>\n","protected":false},"author":1,"featured_media":0,"comment_status":"open","ping_status":"open","sticky":false,"template":"","format":"standard","meta":{"footnotes":""},"categories":[3],"tags":[],"class_list":["post-1361","post","type-post","status-publish","format-standard","hentry","category-pyrandonnees"],"_links":{"self":[{"href":"https:\/\/www.pyrandonnees.fr\/blog\/index.php?rest_route=\/wp\/v2\/posts\/1361","targetHints":{"allow":["GET"]}}],"collection":[{"href":"https:\/\/www.pyrandonnees.fr\/blog\/index.php?rest_route=\/wp\/v2\/posts"}],"about":[{"href":"https:\/\/www.pyrandonnees.fr\/blog\/index.php?rest_route=\/wp\/v2\/types\/post"}],"author":[{"embeddable":true,"href":"https:\/\/www.pyrandonnees.fr\/blog\/index.php?rest_route=\/wp\/v2\/users\/1"}],"replies":[{"embeddable":true,"href":"https:\/\/www.pyrandonnees.fr\/blog\/index.php?rest_route=%2Fwp%2Fv2%2Fcomments&post=1361"}],"version-history":[{"count":6,"href":"https:\/\/www.pyrandonnees.fr\/blog\/index.php?rest_route=\/wp\/v2\/posts\/1361\/revisions"}],"predecessor-version":[{"id":1367,"href":"https:\/\/www.pyrandonnees.fr\/blog\/index.php?rest_route=\/wp\/v2\/posts\/1361\/revisions\/1367"}],"wp:attachment":[{"href":"https:\/\/www.pyrandonnees.fr\/blog\/index.php?rest_route=%2Fwp%2Fv2%2Fmedia&parent=1361"}],"wp:term":[{"taxonomy":"category","embeddable":true,"href":"https:\/\/www.pyrandonnees.fr\/blog\/index.php?rest_route=%2Fwp%2Fv2%2Fcategories&post=1361"},{"taxonomy":"post_tag","embeddable":true,"href":"https:\/\/www.pyrandonnees.fr\/blog\/index.php?rest_route=%2Fwp%2Fv2%2Ftags&post=1361"}],"curies":[{"name":"wp","href":"https:\/\/api.w.org\/{rel}","templated":true}]}}