{"id":1339,"date":"2018-09-01T13:47:03","date_gmt":"2018-09-01T12:47:03","guid":{"rendered":"https:\/\/www.pyrandonnees.fr\/blog\/?p=1339"},"modified":"2018-12-09T21:34:16","modified_gmt":"2018-12-09T20:34:16","slug":"randonnees-dete-dans-les-pyrenees-autour-de-cauterets","status":"publish","type":"post","link":"https:\/\/www.pyrandonnees.fr\/blog\/?p=1339","title":{"rendered":"Randonn\u00e9es d&rsquo;\u00e9t\u00e9 dans les Pyr\u00e9n\u00e9es autour de Cauterets"},"content":{"rendered":"<p>Bonjour \u00e0 tous !<\/p>\n<p>Apr\u00e8s une longue attente, nous avions h\u00e2te de retrouver nos belles Pyr\u00e9n\u00e9es pour ce s\u00e9jour estival de randonn\u00e9es. Voici donc le compte-rendu de nos randonn\u00e9es d&rsquo;\u00e9t\u00e9 autour des vall\u00e9es de Cauterets !<\/p>\n<p><strong>Jour 1 :\u00a0<a href=\"https:\/\/www.pyrandonnees.fr\/rando_fruitiere_cauterets.php\" target=\"_blank\" rel=\"noopener\">La Fruiti\u00e8re depuis Cauterets<\/a>\u00a0<\/strong><\/p>\n<p>Quoi de mieux pour commencer notre s\u00e9jour tranquillement que d&rsquo;aller faire un tour vers la vall\u00e9e du Lutour et la fameuse h\u00f4tellerie de la Fruiti\u00e8re !<\/p>\n<div style=\"width: 539px\" class=\"wp-caption aligncenter\"><img loading=\"lazy\" decoding=\"async\" class=\"\" src=\"https:\/\/www.pyrandonnees.fr\/randos\/194\/IMG_2450.JPG\" alt=\"La Vall\u00e9e du Lutour et la Fruiti\u00e8re\" width=\"529\" height=\"397\" \/><p class=\"wp-caption-text\">La vall\u00e9e du Lutour et la Fruiti\u00e8re<\/p><\/div>\n<p>Une belle journ\u00e9e estivale avec des conditions tr\u00e8s agr\u00e9ables et seulement quelques nuages.<\/p>\n<p><strong>Jour 2 : <a href=\"https:\/\/www.pyrandonnees.fr\/rando_circuit_des_lacs_pont_espagne.php\" target=\"_blank\" rel=\"noopener\">Circuit des lacs de la Cardinqu\u00e8re<\/a><\/strong><\/p>\n<p>Pour cette 2\u00e8me journ\u00e9e nous d\u00e9cidons de faire un circuit plus s\u00e9rieux avec une belle boucle \u00e0 la d\u00e9couverte des lacs de la Cardinqu\u00e8re. Cette boucle au dessus du Pont d&rsquo;Espagne passe par la vall\u00e9e du Marcadau et permet de d\u00e9couvrir de tr\u00e8s beaux lacs. Le temps est orageux et mena\u00e7ant au fur et \u00e0 mesure de la journ\u00e9e aussi nous n&rsquo;avons pas pu malheureusement profiter autant que nous aurions voulu d&rsquo;un repos bien m\u00e9rit\u00e9 au bord des lacs.<\/p>\n<div style=\"width: 539px\" class=\"wp-caption aligncenter\"><img loading=\"lazy\" decoding=\"async\" class=\"\" src=\"https:\/\/www.pyrandonnees.fr\/randos\/195\/IMG_2541.JPG\" alt=\"Circuit des lacs de la Cardinqu\u00e8re\" width=\"529\" height=\"397\" \/><p class=\"wp-caption-text\">Circuit des lacs de la Cardinqu\u00e8re<\/p><\/div>\n<p>Heureusement l&rsquo;orage n&rsquo;\u00e9clate qu&rsquo;en fin de journ\u00e9e juste au moment o\u00f9 nous rejoignons le parking des Puntas.<\/p>\n<p><strong>Jour 3 : <a href=\"https:\/\/www.pyrandonnees.fr\/rando_pic_du_midi_de_bigorre.php\" target=\"_blank\" rel=\"noopener\">Pic du Midi de Bigorre<\/a><\/strong><\/p>\n<p>Pour cette journ\u00e9e nous d\u00e9cidons d&rsquo;aller faire un tour du c\u00f4t\u00e9 du Pic du Midi de Bigorre ! En effet les conditions de randonn\u00e9es sont bonnes car le temps est \u00e0 la fois d\u00e9gag\u00e9 et frais ce qui est id\u00e9al pour r\u00e9aliser cette randonn\u00e9e. Nous partons donc du virage situ\u00e9 sur la route du col du Tourmalet. Le temps est couvert au d\u00e9part mais il se d\u00e9gage rapidement lorsque nous arrivons au niveau du lac d&rsquo;Oncet et nous d\u00e9couvrons le pic derri\u00e8re la brume. Par la suite le temps se d\u00e9gage compl\u00e8tement et la fin de l&rsquo;ascension se fait sous un grand soleil.<\/p>\n<div style=\"width: 541px\" class=\"wp-caption aligncenter\"><img loading=\"lazy\" decoding=\"async\" class=\"\" src=\"https:\/\/www.pyrandonnees.fr\/randos\/196\/IMG_2677.JPG\" alt=\"Le Pic du Midi de Bigorre\" width=\"531\" height=\"398\" \/><p class=\"wp-caption-text\">Le Pic du Midi de Bigorre<\/p><\/div>\n<p>Nous avons pu profiter \u00e9galement d&rsquo;une magnifique mer de nuages sur l&rsquo;ensemble de la cha\u00eene des Pyr\u00e9n\u00e9es visible depuis le sommet du Pic du Midi de Bigorre !<\/p>\n<div style=\"width: 539px\" class=\"wp-caption aligncenter\"><img loading=\"lazy\" decoding=\"async\" class=\"\" src=\"https:\/\/www.pyrandonnees.fr\/randos\/196\/IMG_2704.JPG\" alt=\"Mer de nuages sur la cha\u00eene des Pyr\u00e9n\u00e9es\" width=\"529\" height=\"397\" \/><p class=\"wp-caption-text\">Mer de nuages sur la cha\u00eene des Pyr\u00e9n\u00e9es<\/p><\/div>\n<p><strong>Jour 4 : <a href=\"https:\/\/www.pyrandonnees.fr\/rando_hotellerie_reine_hortense.php\" target=\"_blank\" rel=\"noopener\">H\u00f4tellerie de la Reine Hortense<\/a><\/strong><\/p>\n<p>Un peu de repos n&rsquo;est pas de trop apr\u00e8s ces belles randonn\u00e9es et nous d\u00e9cidons pour cette belle journ\u00e9e d&rsquo;aller faire un tour du c\u00f4t\u00e9 de la Reine Hortense pour boire un verre et profiter de la vue sur la vall\u00e9e de Cauterets qui est toujours aussi belle.<\/p>\n<div style=\"width: 541px\" class=\"wp-caption aligncenter\"><img loading=\"lazy\" decoding=\"async\" class=\"\" src=\"https:\/\/www.pyrandonnees.fr\/randos\/197\/IMG_2817.JPG\" alt=\"Vall\u00e9e de Cauterets depuis la Reine Hortense\" width=\"531\" height=\"398\" \/><p class=\"wp-caption-text\">Vall\u00e9e de Cauterets depuis la Reine Hortense<\/p><\/div>\n<p><strong>Jour 5 : <a href=\"https:\/\/www.pyrandonnees.fr\/rando_lac_de_gaube.php\" target=\"_blank\" rel=\"noopener\">Lac de Gaube<\/a><\/strong><\/p>\n<p>En vacances avec des amis sur Cauterets, quoi de plus naturel que d&rsquo;aller leur faire d\u00e9couvrir un des joyaux des Pyr\u00e9n\u00e9es ? Le c\u00e9l\u00e8bre lac de Gaube est un incontournable de la r\u00e9gion. Nous avons profit\u00e9 des conditions de m\u00e9t\u00e9o id\u00e9ales pour nous promener, d\u00e9jeuner au bord du lac et profiter de ce paysage merveilleux.<\/p>\n<div style=\"width: 540px\" class=\"wp-caption aligncenter\"><img loading=\"lazy\" decoding=\"async\" class=\"\" src=\"https:\/\/www.pyrandonnees.fr\/randos\/199\/IMG_2883.JPG\" alt=\"Le magnifique lac de Gaube\" width=\"530\" height=\"397\" \/><p class=\"wp-caption-text\">Le magnifique lac de Gaube<\/p><\/div>\n<p><strong>Jour 6 : <a href=\"https:\/\/www.pyrandonnees.fr\/rando_chemin_des_cascades.php\" target=\"_blank\" rel=\"noopener\">Chemin des cascades<\/a><\/strong><\/p>\n<p>Une belle journ\u00e9e de randonn\u00e9e r\u00e9alis\u00e9e avec notre fils de 3 ans. Une grande premi\u00e8re pour lui puisqu&rsquo;il a effectu\u00e9 la quasi totalit\u00e9 de la mont\u00e9e tout seul avec son petit b\u00e2ton de marche. Il faut dire que la d\u00e9couverte progressive des magnifiques cascades du val de J\u00e9ret qui jalonnent le sentier fait vite oublier les efforts de la mont\u00e9e.<\/p>\n<div style=\"width: 539px\" class=\"wp-caption aligncenter\"><img loading=\"lazy\" decoding=\"async\" class=\"\" src=\"https:\/\/www.pyrandonnees.fr\/randos\/200\/IMG_2956.JPG\" alt=\"Cascades du Val de J\u00e9ret\" width=\"529\" height=\"397\" \/><p class=\"wp-caption-text\">Cascades du Val de J\u00e9ret<\/p><\/div>\n<p>En final, la magnifique cascade du Pont d&rsquo;Espagne m\u00e9rite quelques photos et une pause d\u00e9jeuner bien m\u00e9rit\u00e9e.<\/p>\n<p><strong>Jour 7 : <a href=\"https:\/\/www.pyrandonnees.fr\/rando_fruitiere_cauterets.php\" target=\"_blank\" rel=\"noopener\">La Fruiti\u00e8re depuis Cauterets<\/a><\/strong><\/p>\n<p>Une derni\u00e8re petite randonn\u00e9e pour finir notre s\u00e9jour tranquillement avec la mont\u00e9e \u00e0 la Fruiti\u00e8re. Toujours aussi agr\u00e9able avec un temps nuageux mais d\u00e9gag\u00e9. Notre fils a cette fois aussi r\u00e9alis\u00e9 la plupart du chemin tout seul comme un grand !<\/p>\n<div style=\"width: 541px\" class=\"wp-caption aligncenter\"><img loading=\"lazy\" decoding=\"async\" class=\"\" src=\"https:\/\/www.pyrandonnees.fr\/randos\/201\/IMG_3069.JPG\" alt=\"La vall\u00e9e du Lutour et la Fruiti\u00e8re\" width=\"531\" height=\"398\" \/><p class=\"wp-caption-text\">La vall\u00e9e du Lutour et la Fruiti\u00e8re<\/p><\/div>\n<p>Le midi, un bon d\u00e9jeuner \u00e0 l&rsquo;h\u00f4tellerie de la Fruiti\u00e8re nous permet de nous requinquer avant de prendre le chemin du retour.<\/p>\n<p>Nous finissons notre s\u00e9jour en fl\u00e2nant dans le village de Cauterets o\u00f9 il fait toujours bon se promener.<\/p>\n<div style=\"width: 540px\" class=\"wp-caption aligncenter\"><img loading=\"lazy\" decoding=\"async\" class=\"\" src=\"https:\/\/www.pyrandonnees.fr\/randos\/201\/IMG_3100.JPG\" alt=\"Promenade dans les rues de Cauterets\" width=\"530\" height=\"398\" \/><p class=\"wp-caption-text\">Promenade dans les rues de Cauterets<\/p><\/div>\n<p>En r\u00e9sum\u00e9, un beau s\u00e9jour de randonn\u00e9es estivales autour des vall\u00e9es de Cauterets avec de tr\u00e8s bonnes conditions m\u00e9t\u00e9o !<\/p>\n<p>Bonnes randonn\u00e9es dans les Pyr\u00e9n\u00e9es !<\/p>\n<p>Adeline<\/p>\n","protected":false},"excerpt":{"rendered":"<p>Bonjour \u00e0 tous ! Apr\u00e8s une longue attente, nous avions h\u00e2te de retrouver nos belles Pyr\u00e9n\u00e9es pour ce s\u00e9jour estival de randonn\u00e9es. Voici donc le compte-rendu de nos randonn\u00e9es d&rsquo;\u00e9t\u00e9 autour des vall\u00e9es de Cauterets ! Jour 1 :\u00a0La Fruiti\u00e8re &hellip; <a href=\"https:\/\/www.pyrandonnees.fr\/blog\/?p=1339\">Continuer la lecture <span class=\"meta-nav\">&rarr;<\/span><\/a><\/p>\n","protected":false},"author":1,"featured_media":0,"comment_status":"open","ping_status":"open","sticky":false,"template":"","format":"standard","meta":{"footnotes":""},"categories":[4],"tags":[],"class_list":["post-1339","post","type-post","status-publish","format-standard","hentry","category-randonnee"],"_links":{"self":[{"href":"https:\/\/www.pyrandonnees.fr\/blog\/index.php?rest_route=\/wp\/v2\/posts\/1339","targetHints":{"allow":["GET"]}}],"collection":[{"href":"https:\/\/www.pyrandonnees.fr\/blog\/index.php?rest_route=\/wp\/v2\/posts"}],"about":[{"href":"https:\/\/www.pyrandonnees.fr\/blog\/index.php?rest_route=\/wp\/v2\/types\/post"}],"author":[{"embeddable":true,"href":"https:\/\/www.pyrandonnees.fr\/blog\/index.php?rest_route=\/wp\/v2\/users\/1"}],"replies":[{"embeddable":true,"href":"https:\/\/www.pyrandonnees.fr\/blog\/index.php?rest_route=%2Fwp%2Fv2%2Fcomments&post=1339"}],"version-history":[{"count":5,"href":"https:\/\/www.pyrandonnees.fr\/blog\/index.php?rest_route=\/wp\/v2\/posts\/1339\/revisions"}],"predecessor-version":[{"id":1344,"href":"https:\/\/www.pyrandonnees.fr\/blog\/index.php?rest_route=\/wp\/v2\/posts\/1339\/revisions\/1344"}],"wp:attachment":[{"href":"https:\/\/www.pyrandonnees.fr\/blog\/index.php?rest_route=%2Fwp%2Fv2%2Fmedia&parent=1339"}],"wp:term":[{"taxonomy":"category","embeddable":true,"href":"https:\/\/www.pyrandonnees.fr\/blog\/index.php?rest_route=%2Fwp%2Fv2%2Fcategories&post=1339"},{"taxonomy":"post_tag","embeddable":true,"href":"https:\/\/www.pyrandonnees.fr\/blog\/index.php?rest_route=%2Fwp%2Fv2%2Ftags&post=1339"}],"curies":[{"name":"wp","href":"https:\/\/api.w.org\/{rel}","templated":true}]}}