{"id":1249,"date":"2016-09-03T18:33:46","date_gmt":"2016-09-03T17:33:46","guid":{"rendered":"http:\/\/www.pyrandonnees.fr\/blog\/?p=1249"},"modified":"2018-12-09T13:44:50","modified_gmt":"2018-12-09T12:44:50","slug":"compte-rendu-des-randonnees-dete-en-vallee-dossau","status":"publish","type":"post","link":"https:\/\/www.pyrandonnees.fr\/blog\/?p=1249","title":{"rendered":"Compte-rendu des randonn\u00e9es d&rsquo;\u00e9t\u00e9 dans les Pyr\u00e9n\u00e9es en vall\u00e9e d&rsquo;Ossau"},"content":{"rendered":"<p style=\"text-align: justify;\">Bonjour \u00e0 tous !<\/p>\n<p style=\"text-align: justify;\">Pour faire suite \u00e0 notre escapade en Pays Basque, nous avons r\u00e9alis\u00e9 un petit crochet par la vall\u00e9e d&rsquo;Ossau afin de d\u00e9guster des sp\u00e9cialit\u00e9s locales, de nous reposer et de r\u00e9aliser quelques randonn\u00e9es.<\/p>\n<p style=\"text-align: justify;\"><strong>Jour 1 :\u00a0<a title=\"Carnet de randonn\u00e9es Promenade des trois croix\" href=\"https:\/\/www.pyrandonnees.fr\/rando.php?typ=hist&amp;id=173\" target=\"_blank\" rel=\"noopener\">Promenade des trois croix<\/a>\u00a0<\/strong><\/p>\n<p style=\"text-align: justify;\">Promenade sympathique au d\u00e9part de S\u00e9vignac-Meyracq.\u00a0Belle vue sur la vall\u00e9e depuis cette randonn\u00e9e facile.<\/p>\n<div style=\"width: 590px\" class=\"wp-caption aligncenter\"><img loading=\"lazy\" decoding=\"async\" class=\"\" src=\"https:\/\/www.pyrandonnees.fr\/randos\/173\/IMG_7907.JPG\" alt=\"Vue sur la vall\u00e9e depuis la randonn\u00e9e\" width=\"580\" height=\"433\" \/><p class=\"wp-caption-text\">Vue sur la vall\u00e9e depuis la randonn\u00e9e<\/p><\/div>\n<p style=\"text-align: justify;\">Le temps \u00e9tait nuageux lorsque nous avons r\u00e9alis\u00e9 cette boucle.<\/p>\n<p style=\"text-align: justify;\"><strong>Jour 2 :\u00a0<a title=\"Carnet de randonn\u00e9es Gorges de Balour\" href=\"https:\/\/www.pyrandonnees.fr\/rando.php?typ=hist&amp;id=174\" target=\"_blank\" rel=\"noopener\">Gorges de Balour<\/a>\u00a0<\/strong><\/p>\n<p style=\"text-align: justify;\">Promenade facile et sympathique depuis les Eaux-Bonnes. Elle nous a permis de d\u00e9couvrir les gorges de Balour.<\/p>\n<div style=\"width: 591px\" class=\"wp-caption aligncenter\"><img loading=\"lazy\" decoding=\"async\" class=\"\" src=\"https:\/\/www.pyrandonnees.fr\/randos\/174\/IMG_7955.JPG\" alt=\"Les gorges de Balour depuis les Eaux-Bonnes\" width=\"581\" height=\"434\" \/><p class=\"wp-caption-text\">Les gorges de Balour depuis les Eaux-Bonnes<\/p><\/div>\n<p style=\"text-align: justify;\">Le temps \u00e9tait encore nuageux et humide lorsque nous avons r\u00e9alis\u00e9 cette randonn\u00e9e.<\/p>\n<p style=\"text-align: justify;\">Nous avons s\u00e9journ\u00e9 aux Bains de Secours \u00e0 S\u00e9vignac-Meyracq pendant notre s\u00e9jour et nous vous conseillons vivement cette adresse qui allie \u00e0 la fois gastronomie et bien-\u00eatre avec ses bains en marbre et son centre de remise en forme tr\u00e8s agr\u00e9able.<\/p>\n<p style=\"text-align: justify;\">Bonnes randonn\u00e9es dans les Pyr\u00e9n\u00e9es \u00e0 tous !<\/p>\n<p style=\"text-align: justify;\">Adeline et J\u00e9r\u00f4me<\/p>\n","protected":false},"excerpt":{"rendered":"<p>Bonjour \u00e0 tous ! Pour faire suite \u00e0 notre escapade en Pays Basque, nous avons r\u00e9alis\u00e9 un petit crochet par la vall\u00e9e d&rsquo;Ossau afin de d\u00e9guster des sp\u00e9cialit\u00e9s locales, de nous reposer et de r\u00e9aliser quelques randonn\u00e9es. Jour 1 :\u00a0Promenade &hellip; <a href=\"https:\/\/www.pyrandonnees.fr\/blog\/?p=1249\">Continuer la lecture <span class=\"meta-nav\">&rarr;<\/span><\/a><\/p>\n","protected":false},"author":1,"featured_media":0,"comment_status":"open","ping_status":"open","sticky":false,"template":"","format":"standard","meta":{"footnotes":""},"categories":[4],"tags":[],"class_list":["post-1249","post","type-post","status-publish","format-standard","hentry","category-randonnee"],"_links":{"self":[{"href":"https:\/\/www.pyrandonnees.fr\/blog\/index.php?rest_route=\/wp\/v2\/posts\/1249","targetHints":{"allow":["GET"]}}],"collection":[{"href":"https:\/\/www.pyrandonnees.fr\/blog\/index.php?rest_route=\/wp\/v2\/posts"}],"about":[{"href":"https:\/\/www.pyrandonnees.fr\/blog\/index.php?rest_route=\/wp\/v2\/types\/post"}],"author":[{"embeddable":true,"href":"https:\/\/www.pyrandonnees.fr\/blog\/index.php?rest_route=\/wp\/v2\/users\/1"}],"replies":[{"embeddable":true,"href":"https:\/\/www.pyrandonnees.fr\/blog\/index.php?rest_route=%2Fwp%2Fv2%2Fcomments&post=1249"}],"version-history":[{"count":3,"href":"https:\/\/www.pyrandonnees.fr\/blog\/index.php?rest_route=\/wp\/v2\/posts\/1249\/revisions"}],"predecessor-version":[{"id":1337,"href":"https:\/\/www.pyrandonnees.fr\/blog\/index.php?rest_route=\/wp\/v2\/posts\/1249\/revisions\/1337"}],"wp:attachment":[{"href":"https:\/\/www.pyrandonnees.fr\/blog\/index.php?rest_route=%2Fwp%2Fv2%2Fmedia&parent=1249"}],"wp:term":[{"taxonomy":"category","embeddable":true,"href":"https:\/\/www.pyrandonnees.fr\/blog\/index.php?rest_route=%2Fwp%2Fv2%2Fcategories&post=1249"},{"taxonomy":"post_tag","embeddable":true,"href":"https:\/\/www.pyrandonnees.fr\/blog\/index.php?rest_route=%2Fwp%2Fv2%2Ftags&post=1249"}],"curies":[{"name":"wp","href":"https:\/\/api.w.org\/{rel}","templated":true}]}}