{"id":1221,"date":"2016-06-29T20:16:14","date_gmt":"2016-06-29T19:16:14","guid":{"rendered":"http:\/\/www.pyrandonnees.fr\/blog\/?p=1221"},"modified":"2016-06-30T12:47:28","modified_gmt":"2016-06-30T11:47:28","slug":"cet-ete-ou-sont-vos-randonnees-dans-les-pyrenees","status":"publish","type":"post","link":"https:\/\/www.pyrandonnees.fr\/blog\/?p=1221","title":{"rendered":"Cet \u00e9t\u00e9 o\u00f9 sont vos randonn\u00e9es dans les Pyr\u00e9n\u00e9es ?"},"content":{"rendered":"<p style=\"text-align: justify;\">Bonjour \u00e0 tous !<\/p>\n<p style=\"text-align: justify;\">L&rsquo;\u00e9t\u00e9 tant attendu est l\u00e0 (enfin presque) ! Si ce n&rsquo;est pas d\u00e9j\u00e0 fait, il est grand temps d&rsquo;organiser vos randonn\u00e9es de cet \u00e9t\u00e9 dans les Pyr\u00e9n\u00e9es !<\/p>\n<p style=\"text-align: justify;\">Vous ne savez pas o\u00f9 aller ? Vous n&rsquo;avez pas encore jet\u00e9 votre d\u00e9volu sur une des nombreuses r\u00e9gions de nos belles montagnes ? Cet article est fait pour vous !<\/p>\n<div style=\"width: 673px\" class=\"wp-caption aligncenter\"><img loading=\"lazy\" decoding=\"async\" src=\"https:\/\/www.pyrandonnees.fr\/img\/randos_ete_2016.png\" alt=\"Un \u00e9t\u00e9 de randonn\u00e9es dans les Pyr\u00e9n\u00e9es !\" width=\"663\" height=\"295\" \/><p class=\"wp-caption-text\">Un \u00e9t\u00e9 de randonn\u00e9es dans les Pyr\u00e9n\u00e9es !<\/p><\/div>\n<p style=\"text-align: justify;\">Les Pyr\u00e9n\u00e9es offrent une grande diversit\u00e9 de r\u00e9gions et de paysages multiples et vari\u00e9s\u00a0 qui sauront forc\u00e9ment vous ravir pour faire une pause nature ou pour un plus long s\u00e9jour !<\/p>\n<p style=\"text-align: justify;\">Envie de <strong>farniente et de randos en bord de mer<\/strong> ? La r\u00e9gion <span style=\"color: #ff0000;\">Pays Basque Ouest<\/span> et sa proximit\u00e9 avec la c\u00f4te Atlantique et Saint-S\u00e9bastien est faite pour vous !<\/p>\n<p style=\"text-align: justify;\">A la recherche de <strong>calme et de solitude dans un cadre bucolique et verdoyant<\/strong> ? Le <span style=\"color: #008000;\">Pays Basque Est<\/span> est \u00e0 deux pas ! La for\u00eat d&rsquo;Iraty, la vall\u00e9e des Aldudes, les gorges de Kakuetta sont de grandes classiques ! Pourquoi ne pas pousser jusqu&rsquo;en <span style=\"color: #ff6600;\">B\u00e9arn <\/span>pour rendre visite au Pic du Midi d&rsquo;Ossau ?<\/p>\n<p style=\"text-align: justify;\">Envie de <strong>grands sites class\u00e9s du patrimoine Pyr\u00e9n\u00e9en<\/strong> <strong>?<\/strong> Les Hautes-Pyr\u00e9n\u00e9es avec les vall\u00e9es de <span style=\"color: #008080;\">Cauterets, <\/span><span style=\"color: #a52a2a;\">Luz, Bar\u00e8ges, Gavarnie<\/span> et du <span style=\"color: #9acd32;\">N\u00e9ouvielle<\/span> seront certainement une nouvelle fois tr\u00e8s pris\u00e9es cet \u00e9t\u00e9. Vous y visiterez les grands sites de Midi Pyr\u00e9n\u00e9es tels que le Pont d&rsquo;Espagne, la vall\u00e9e de Gaube, les 3 grands cirques de Gavarnie, Estaub\u00e9 et Troumouse, le Pic du Midi de Bigorre ou encore la R\u00e9serve Naturelle du N\u00e9ouvielle.<\/p>\n<p style=\"text-align: justify;\">Si vous \u00eates <strong>sportif \u00e0 la recherche de challenge et de d\u00e9passement de vous-m\u00eame<\/strong>, les Pyr\u00e9n\u00e9es centrales sont faites pour vous avec les r\u00e9gions de <span style=\"color: #4169e1;\">Luchon<\/span> c\u00f4t\u00e9 fran\u00e7ais et le magnifique parc naturel des <span style=\"color: #00ff7f;\">Posets, Maladeta<\/span> c\u00f4t\u00e9 espagnol qui regroupent un nombre impressionnants de sommets de plus de 3000m de la cha\u00eene.<\/p>\n<p style=\"text-align: justify;\">Les <strong>grands espaces <\/strong>de l&rsquo;<span style=\"color: #dc143c;\">Ari\u00e8ge, <\/span>de la <span style=\"color: #ff00ff;\">Haute-Ari\u00e8ge<\/span> et du <span style=\"color: #daa520;\">Val d&rsquo;Aran<\/span> sauront quand \u00e0 eux ravir les montagnards les plus \u00e9pris de solitude, de paysages sauvages pr\u00e9serv\u00e9s et de grand parc naturels r\u00e9gionaux ! Vous y trouverez du Mont Valier, au somptueux Parc Naturel des Encantats de multiples randonn\u00e9es toutes plus belles les unes que les autres.<\/p>\n<p style=\"text-align: justify;\">Si enfin, c&rsquo;est le <strong>climat m\u00e9diterran\u00e9en<\/strong> qui vous attire et ses paysages \u00e0 la crois\u00e9e entre montagne, garrigue et M\u00e9diterran\u00e9e, les r\u00e9gions de <span style=\"color: #000080;\">Cerdagne<\/span><span style=\"font-size: small;\">, <\/span><span style=\"color: #800080;\">Conflent, <\/span><span style=\"color: #ff69b4;\">Garrotxa <\/span>et des <span style=\"color: #bbbbbb;\">Alb\u00e8res<\/span> vous donneront enti\u00e8re satisfaction ! Du Carlit au Canigou en passant par Banyuls, il n&rsquo;y a que l\u2019embarras du choix !<\/p>\n<p style=\"text-align: justify;\">Cet \u00e9t\u00e9, \u00e0 chacun sa montagne, \u00e0 chacun ses randonn\u00e9es, alors nous vous souhaitons de d\u00e9couvrir de belles randonn\u00e9es dans les Pyr\u00e9n\u00e9es !<\/p>\n<p style=\"text-align: justify;\">J\u00e9r\u00f4me et Adeline<\/p>\n","protected":false},"excerpt":{"rendered":"<p>Bonjour \u00e0 tous ! L&rsquo;\u00e9t\u00e9 tant attendu est l\u00e0 (enfin presque) ! Si ce n&rsquo;est pas d\u00e9j\u00e0 fait, il est grand temps d&rsquo;organiser vos randonn\u00e9es de cet \u00e9t\u00e9 dans les Pyr\u00e9n\u00e9es ! Vous ne savez pas o\u00f9 aller ? Vous &hellip; <a href=\"https:\/\/www.pyrandonnees.fr\/blog\/?p=1221\">Continuer la lecture <span class=\"meta-nav\">&rarr;<\/span><\/a><\/p>\n","protected":false},"author":1,"featured_media":0,"comment_status":"open","ping_status":"open","sticky":false,"template":"","format":"standard","meta":{"footnotes":""},"categories":[4],"tags":[],"class_list":["post-1221","post","type-post","status-publish","format-standard","hentry","category-randonnee"],"_links":{"self":[{"href":"https:\/\/www.pyrandonnees.fr\/blog\/index.php?rest_route=\/wp\/v2\/posts\/1221","targetHints":{"allow":["GET"]}}],"collection":[{"href":"https:\/\/www.pyrandonnees.fr\/blog\/index.php?rest_route=\/wp\/v2\/posts"}],"about":[{"href":"https:\/\/www.pyrandonnees.fr\/blog\/index.php?rest_route=\/wp\/v2\/types\/post"}],"author":[{"embeddable":true,"href":"https:\/\/www.pyrandonnees.fr\/blog\/index.php?rest_route=\/wp\/v2\/users\/1"}],"replies":[{"embeddable":true,"href":"https:\/\/www.pyrandonnees.fr\/blog\/index.php?rest_route=%2Fwp%2Fv2%2Fcomments&post=1221"}],"version-history":[{"count":7,"href":"https:\/\/www.pyrandonnees.fr\/blog\/index.php?rest_route=\/wp\/v2\/posts\/1221\/revisions"}],"predecessor-version":[{"id":1228,"href":"https:\/\/www.pyrandonnees.fr\/blog\/index.php?rest_route=\/wp\/v2\/posts\/1221\/revisions\/1228"}],"wp:attachment":[{"href":"https:\/\/www.pyrandonnees.fr\/blog\/index.php?rest_route=%2Fwp%2Fv2%2Fmedia&parent=1221"}],"wp:term":[{"taxonomy":"category","embeddable":true,"href":"https:\/\/www.pyrandonnees.fr\/blog\/index.php?rest_route=%2Fwp%2Fv2%2Fcategories&post=1221"},{"taxonomy":"post_tag","embeddable":true,"href":"https:\/\/www.pyrandonnees.fr\/blog\/index.php?rest_route=%2Fwp%2Fv2%2Ftags&post=1221"}],"curies":[{"name":"wp","href":"https:\/\/api.w.org\/{rel}","templated":true}]}}