{"id":1181,"date":"2015-05-25T09:08:30","date_gmt":"2015-05-25T08:08:30","guid":{"rendered":"http:\/\/www.pyrandonnees.fr\/blog\/?p=1181"},"modified":"2016-07-30T18:23:18","modified_gmt":"2016-07-30T17:23:18","slug":"pyrandonnees-enregistre-1000000-de-visites","status":"publish","type":"post","link":"https:\/\/www.pyrandonnees.fr\/blog\/?p=1181","title":{"rendered":"Pyrandonn\u00e9es enregistre 1000000 de visites"},"content":{"rendered":"<p style=\"text-align: justify;\">Bonjour \u00e0 tous !<\/p>\n<p style=\"text-align: justify;\">Apr\u00e8s 6 ans et demie d&rsquo;existence, Pyrandonn\u00e9es enregistre ce mois sa 1000000e visite.<\/p>\n<p style=\"text-align: justify;\">Une belle occasion pour nous de franchir ce cap et de vous remercier une nouvelle fois de votre fid\u00e9lit\u00e9.<\/p>\n<div style=\"width: 604px\" class=\"wp-caption aligncenter\"><img loading=\"lazy\" decoding=\"async\" class=\"\" src=\"https:\/\/www.pyrandonnees.fr\/img\/logo_pyrandonnees.jpg\" alt=\"Pyrandonn\u00e9es franchit le seuil du million de visites !\" width=\"594\" height=\"200\" \/><p class=\"wp-caption-text\">Pyrandonn\u00e9es franchit le seuil du million de visites !<\/p><\/div>\n<p style=\"text-align: justify;\">Notre projet voit ainsi un bel aboutissement, nourri de notre passion commune et partag\u00e9e pour nos ch\u00e8res Pyr\u00e9n\u00e9es ! Merci \u00e0 tous les fid\u00e8les de la premi\u00e8re heure, \u00e0 tous ceux qui nous ont envoy\u00e9 des messages de sympathie ou des avis sur les topos.<\/p>\n<p style=\"text-align: justify;\">Nous allons continuer de faire m\u00fbrir cette passion et de la partager avec vous.<\/p>\n<p style=\"text-align: justify;\">La saison des randonn\u00e9es dans les Pyr\u00e9n\u00e9es approchant, nous vous souhaitons \u00e0 toutes et \u00e0 tous une belle saison 2015 de randonn\u00e9es pyr\u00e9n\u00e9ennes !<br \/>\nEn esp\u00e9rant vous croiser au d\u00e9tour d&rsquo;un chemin&#8230;<\/p>\n<p style=\"text-align: justify;\">Adeline et J\u00e9r\u00f4me<\/p>\n","protected":false},"excerpt":{"rendered":"<p>Bonjour \u00e0 tous ! Apr\u00e8s 6 ans et demie d&rsquo;existence, Pyrandonn\u00e9es enregistre ce mois sa 1000000e visite. Une belle occasion pour nous de franchir ce cap et de vous remercier une nouvelle fois de votre fid\u00e9lit\u00e9. Notre projet voit ainsi &hellip; <a href=\"https:\/\/www.pyrandonnees.fr\/blog\/?p=1181\">Continuer la lecture <span class=\"meta-nav\">&rarr;<\/span><\/a><\/p>\n","protected":false},"author":1,"featured_media":0,"comment_status":"open","ping_status":"open","sticky":false,"template":"","format":"standard","meta":{"footnotes":""},"categories":[3],"tags":[],"class_list":["post-1181","post","type-post","status-publish","format-standard","hentry","category-pyrandonnees"],"_links":{"self":[{"href":"https:\/\/www.pyrandonnees.fr\/blog\/index.php?rest_route=\/wp\/v2\/posts\/1181","targetHints":{"allow":["GET"]}}],"collection":[{"href":"https:\/\/www.pyrandonnees.fr\/blog\/index.php?rest_route=\/wp\/v2\/posts"}],"about":[{"href":"https:\/\/www.pyrandonnees.fr\/blog\/index.php?rest_route=\/wp\/v2\/types\/post"}],"author":[{"embeddable":true,"href":"https:\/\/www.pyrandonnees.fr\/blog\/index.php?rest_route=\/wp\/v2\/users\/1"}],"replies":[{"embeddable":true,"href":"https:\/\/www.pyrandonnees.fr\/blog\/index.php?rest_route=%2Fwp%2Fv2%2Fcomments&post=1181"}],"version-history":[{"count":2,"href":"https:\/\/www.pyrandonnees.fr\/blog\/index.php?rest_route=\/wp\/v2\/posts\/1181\/revisions"}],"predecessor-version":[{"id":1241,"href":"https:\/\/www.pyrandonnees.fr\/blog\/index.php?rest_route=\/wp\/v2\/posts\/1181\/revisions\/1241"}],"wp:attachment":[{"href":"https:\/\/www.pyrandonnees.fr\/blog\/index.php?rest_route=%2Fwp%2Fv2%2Fmedia&parent=1181"}],"wp:term":[{"taxonomy":"category","embeddable":true,"href":"https:\/\/www.pyrandonnees.fr\/blog\/index.php?rest_route=%2Fwp%2Fv2%2Fcategories&post=1181"},{"taxonomy":"post_tag","embeddable":true,"href":"https:\/\/www.pyrandonnees.fr\/blog\/index.php?rest_route=%2Fwp%2Fv2%2Ftags&post=1181"}],"curies":[{"name":"wp","href":"https:\/\/api.w.org\/{rel}","templated":true}]}}