{"id":1161,"date":"2015-02-21T20:10:58","date_gmt":"2015-02-21T19:10:58","guid":{"rendered":"http:\/\/www.pyrandonnees.fr\/blog\/?p=1161"},"modified":"2015-02-22T10:18:38","modified_gmt":"2015-02-22T09:18:38","slug":"weekend-de-ski-hivernal-dans-les-pyrenees-a-cauterets","status":"publish","type":"post","link":"https:\/\/www.pyrandonnees.fr\/blog\/?p=1161","title":{"rendered":"Weekend de ski hivernal dans les Pyr\u00e9n\u00e9es \u00e0 Cauterets"},"content":{"rendered":"<p style=\"text-align: justify;\">Bonjour \u00e0 tous !<\/p>\n<p style=\"text-align: justify;\">Apr\u00e8s un automne plut\u00f4t doux, l&rsquo;hiver est enfin l\u00e0 et avec lui de fortes chutes de neiges enregistr\u00e9es sur le massif des Pyr\u00e9n\u00e9es au cours de ces derni\u00e8res semaines. Nous avions h\u00e2te de rechausser nos skis et de profiter de ces belles conditions hivernales.<\/p>\n<p style=\"text-align: justify;\">Voici le compte rendu d\u00e9taill\u00e9 de ces 5 jours de ski dans la station de Cauterets situ\u00e9e au c\u0153ur des Hautes-Pyr\u00e9n\u00e9es.<\/p>\n<p style=\"text-align: justify;\"><strong>Vendredi 13 f\u00e9vrier : Jour de chance entre ciel et nuages<\/strong><\/p>\n<p style=\"text-align: justify;\">Apr\u00e8s une rapide mont\u00e9e par la t\u00e9l\u00e9cabine, je retrouve enfin le Cirque du Lys sous un beau ciel bleu. Il est enti\u00e8rement recouvert par les derni\u00e8res chutes de neige qui ont \u00e9t\u00e9 particuli\u00e8rement importantes les jours pr\u00e9c\u00e9dents.<\/p>\n<div style=\"width: 610px\" class=\"wp-caption aligncenter\"><img loading=\"lazy\" decoding=\"async\" class=\"\" src=\"https:\/\/www.pyrandonnees.fr\/ski\/106\/IMG_4823.JPG\" alt=\"Le cirque du Lys enneig\u00e9\" width=\"600\" height=\"449\" \/><p class=\"wp-caption-text\">Le Cirque du Lys enneig\u00e9<\/p><\/div>\n<p class=\"\" style=\"text-align: justify;\">Je d\u00e9couvre les derni\u00e8res transformations de la station et retrouve rapidement les principales pistes ainsi que de belles parties hors-pistes parfaitement enneig\u00e9es.<\/p>\n<p class=\"\" style=\"text-align: justify;\">Quel plaisir de retrouver ces pentes raides et d&rsquo;immortaliser ces\u00a0 beaux paysages. Chaque instant est unique en montagne.<\/p>\n<div style=\"width: 510px\" class=\"wp-caption aligncenter\"><img loading=\"lazy\" decoding=\"async\" class=\"\" src=\"https:\/\/www.pyrandonnees.fr\/ski\/106\/IMG_4850.JPG\" alt=\"Dans la combe du Barbat\" width=\"500\" height=\"669\" \/><p class=\"wp-caption-text\">Dans la combe du Barbat<\/p><\/div>\n<p style=\"text-align: justify;\">En fin de matin\u00e9e quelques nuages apparaissent mais le ciel se d\u00e9gage ensuite en d\u00e9but d&rsquo;apr\u00e8s midi.<\/p>\n<div style=\"width: 610px\" class=\"wp-caption aligncenter\"><img loading=\"lazy\" decoding=\"async\" class=\"\" src=\"https:\/\/www.pyrandonnees.fr\/ski\/106\/IMG_4827.JPG\" alt=\"Vue hivernale d'ensemble du Cirque du Lys\" width=\"600\" height=\"448\" \/><p class=\"wp-caption-text\">Vue hivernale d&rsquo;ensemble du Cirque du Lys<\/p><\/div>\n<p style=\"text-align: justify;\">Je profite pleinement de cette premi\u00e8re journ\u00e9e attendue depuis si longtemps et je compl\u00e8te mon album de photos hivernales du Cirque du Lys.<\/p>\n<div style=\"width: 610px\" class=\"wp-caption aligncenter\"><img loading=\"lazy\" decoding=\"async\" class=\"\" src=\"https:\/\/www.pyrandonnees.fr\/ski\/106\/IMG_4852.JPG\" alt=\"Ambiance hivernale du cirque du Lys\" width=\"600\" height=\"448\" \/><p class=\"wp-caption-text\">Ambiance hivernale au Cirque du Lys<\/p><\/div>\n<p style=\"text-align: justify;\"><strong>Samedi 14 f\u00e9vrier : Pas de quoi tomber amoureux&#8230; petite visite \u00e0 Hortense<\/strong><\/p>\n<p style=\"text-align: justify;\">En cette journ\u00e9e du 14 f\u00e9vrier qui a chang\u00e9 ma vie il y a 12 ans, le temps est couvert et le ciel s&rsquo;assombrit mais je d\u00e9cide quand m\u00eame de monter faire un peu de snowboard.<\/p>\n<div style=\"width: 610px\" class=\"wp-caption aligncenter\"><img loading=\"lazy\" decoding=\"async\" class=\"\" src=\"https:\/\/www.pyrandonnees.fr\/ski\/107\/IMG_4886.JPG\" alt=\"Ambiance des plus hivernale\" width=\"600\" height=\"448\" \/><p class=\"wp-caption-text\">Ambiance tr\u00e8s hivernale<\/p><\/div>\n<p style=\"text-align: justify;\">Les cr\u00eates prennent des allures fantomatiques tant\u00f4t compl\u00e8tement noy\u00e9es dans le brouillard et tant\u00f4t plus d\u00e9gag\u00e9es mais restant sous un plafond bas comme sur cette vue.<\/p>\n<div style=\"width: 621px\" class=\"wp-caption aligncenter\"><img loading=\"lazy\" decoding=\"async\" class=\"\" src=\"https:\/\/www.pyrandonnees.fr\/ski\/107\/IMG_4890.JPG\" alt=\"Les cr\u00eates dans le brouillard\" width=\"611\" height=\"456\" \/><p class=\"wp-caption-text\">Les cr\u00eates dans la brume<\/p><\/div>\n<p style=\"text-align: justify;\">Le temps ne se d\u00e9gageant pas, je d\u00e9cide de quitter le Cirque du Lys en d\u00e9but d&rsquo;apr\u00e8s midi et de descendre dans la vall\u00e9e en dessous du plafond nuageux afin de r\u00e9aliser une randonn\u00e9e projet\u00e9e depuis longtemps mais jamais faite faute de neige suffisamment abondante en basse altitude.<\/p>\n<p style=\"text-align: justify;\">Je descends ainsi de la t\u00e9l\u00e9cabine pour rejoindre les thermes de C\u00e9sar et le GR10 qui monte en lacets au dessus de Cauterets.<\/p>\n<p style=\"text-align: justify;\">En arrivant aux anciens thermes de Pauze Vieux, le doute s&rsquo;installe&#8230; La route a \u00e9t\u00e9 m\u00e9ticuleusement d\u00e9neig\u00e9e. Je d\u00e9cide toutefois de poursuivre mon chemin esp\u00e9rant que la d\u00e9neigeuse s&rsquo;est arr\u00eat\u00e9e en chemin&#8230;<\/p>\n<div style=\"width: 610px\" class=\"wp-caption aligncenter\"><img loading=\"lazy\" decoding=\"async\" class=\"\" src=\"https:\/\/www.pyrandonnees.fr\/randos\/163\/IMG_4900.JPG\" alt=\"La route montant \u00e0 la l'h\u00f4tellerie de la Reine Hortense\" width=\"600\" height=\"448\" \/><p class=\"wp-caption-text\">La route montant \u00e0 la l&rsquo;h\u00f4tellerie de la Reine Hortense<\/p><\/div>\n<p style=\"text-align: justify;\">Soulagement apr\u00e8s quelques centaines de m\u00e8tres, au niveau de la premi\u00e8re bergerie, le bitume prend fin et la neige reprend ses droits. Il est maintenant plus rare d&rsquo;avoir de la neige \u00e0 cet endroit tout comme dans le village de Cauterets.<\/p>\n<div style=\"width: 610px\" class=\"wp-caption aligncenter\"><img loading=\"lazy\" decoding=\"async\" class=\"\" src=\"https:\/\/www.pyrandonnees.fr\/randos\/163\/IMG_4903.JPG\" alt=\"Enfin la neige !\" width=\"600\" height=\"448\" \/><p class=\"wp-caption-text\">Enfin la neige !<\/p><\/div>\n<p style=\"text-align: justify;\">Marcher en hiver, loin de la foule et des remont\u00e9es m\u00e9caniques. Seul. S&rsquo;\u00e9garer au d\u00e9tour d&rsquo;un sentier, suivre les rang\u00e9es de noisetiers qui bordent ce chemin centenaire qui a vu passer tant de marcheurs. Combien de fois ai-je arpent\u00e9 ce chemin ?<\/p>\n<div style=\"width: 610px\" class=\"wp-caption aligncenter\"><img loading=\"lazy\" decoding=\"async\" class=\"\" src=\"https:\/\/www.pyrandonnees.fr\/randos\/163\/IMG_4913.JPG\" alt=\"Noisetiers au bord du chemin\" width=\"600\" height=\"448\" \/><p class=\"wp-caption-text\">Noisetiers au bord du chemin<\/p><\/div>\n<p style=\"text-align: justify;\">Apr\u00e8s 1h00 de marche je rejoins en sueur le but de ma promenade.<\/p>\n<div style=\"width: 610px\" class=\"wp-caption aligncenter\"><img loading=\"lazy\" decoding=\"async\" class=\"\" src=\"https:\/\/www.pyrandonnees.fr\/randos\/163\/IMG_4930.JPG\" alt=\"L'h\u00f4tellerie de la Reine Hortense en hiver\" width=\"600\" height=\"449\" \/><p class=\"wp-caption-text\">L&rsquo;h\u00f4tellerie de la Reine Hortense en hiver<\/p><\/div>\n<p style=\"text-align: justify;\">Depuis la terrasse de l&rsquo;h\u00f4tellerie, on observe une vue magnifique sur la vall\u00e9e de Cauterets.<\/p>\n<div style=\"width: 610px\" class=\"wp-caption aligncenter\"><img loading=\"lazy\" decoding=\"async\" class=\"\" src=\"https:\/\/www.pyrandonnees.fr\/randos\/163\/IMG_4940.JPG\" alt=\"Le village de Cauterets depuis la terrasse\" width=\"600\" height=\"449\" \/><p class=\"wp-caption-text\">Le village de Cauterets depuis la terrasse<\/p><\/div>\n<p style=\"text-align: justify;\">L&rsquo;h\u00f4tellerie de la Reine Hortense est un petite auberge de montagne accueillante, enti\u00e8rement r\u00e9nov\u00e9e et \u00e0 l&rsquo;int\u00e9rieur chaleureux. On peut notamment observer sur les murs de belles peintures basques datant de la derni\u00e8re guerre.<\/p>\n<div style=\"width: 610px\" class=\"wp-caption aligncenter\"><img loading=\"lazy\" decoding=\"async\" class=\"\" src=\"https:\/\/www.pyrandonnees.fr\/randos\/163\/IMG_4938.JPG\" alt=\"L'int\u00e9rieur de l'h\u00f4tellerie\" width=\"600\" height=\"448\" \/><p class=\"wp-caption-text\">L&rsquo;int\u00e9rieur de l&rsquo;h\u00f4tellerie<\/p><\/div>\n<p style=\"text-align: justify;\">L&rsquo;heure tourne et la nuit tombe vite en hiver. Apr\u00e8s m&rsquo;\u00eatre d\u00e9salt\u00e9r\u00e9, je d\u00e9cide donc de redescendre par l\u00e0 o\u00f9 je suis mont\u00e9 mais \u00e0 snowboard cette fois, la descente sera plus facile que la mont\u00e9e&#8230;<\/p>\n<div style=\"width: 610px\" class=\"wp-caption aligncenter\"><img loading=\"lazy\" decoding=\"async\" class=\"\" src=\"https:\/\/www.pyrandonnees.fr\/randos\/163\/IMG_4937.JPG\" alt=\"Descente en snowboard depuis l'h\u00f4tellerie\" width=\"600\" height=\"450\" \/><p class=\"wp-caption-text\">Descente \u00e0 snowboard depuis l&rsquo;h\u00f4tellerie<\/p><\/div>\n<p style=\"text-align: justify;\">La neige pourrie et le temps couvert n&rsquo;auront pas cette fois encore raison de mon enthousiasme et de ma motivation \u00e0 r\u00e9aliser cette belle sortie.<\/p>\n<p style=\"text-align: justify;\"><strong>Dimanche 15 f\u00e9vrier : Journ\u00e9e hivernale<br \/>\n<\/strong><\/p>\n<p style=\"text-align: justify;\">Cette journ\u00e9e s&rsquo;annonce des plus hivernales avec un plafond tr\u00e8s bas et des chutes de neige \u00e0 moyenne altitude.<\/p>\n<div style=\"width: 610px\" class=\"wp-caption aligncenter\"><img loading=\"lazy\" decoding=\"async\" src=\"https:\/\/www.pyrandonnees.fr\/ski\/108\/IMG_4960.JPG\" alt=\"Le cirque du Lys compl\u00e8tement bouch\u00e9\" width=\"600\" height=\"448\" \/><p class=\"wp-caption-text\">Le Cirque du Lys compl\u00e8tement bouch\u00e9<\/p><\/div>\n<p>Les conditions de ski sont difficiles m\u00eame si la neige est tr\u00e8s agr\u00e9able \u00e0 skier.<\/p>\n<div style=\"width: 610px\" class=\"wp-caption aligncenter\"><img loading=\"lazy\" decoding=\"async\" class=\"\" src=\"https:\/\/www.pyrandonnees.fr\/ski\/108\/IMG_4958.JPG\" alt=\"Un \u00e9pais brouillard omnipr\u00e9sent\" width=\"600\" height=\"448\" \/><p class=\"wp-caption-text\">Un \u00e9pais brouillard omnipr\u00e9sent<\/p><\/div>\n<p>Nous sommes rapidement tremp\u00e9s et d\u00e9cidons de rentrer nous mettre au chaud en d\u00e9but d&rsquo;apr\u00e8s midi.<\/p>\n<p style=\"text-align: justify;\"><strong>Lundi 16 f\u00e9vrier : Journ\u00e9e de grand ski exceptionnelle<\/strong><\/p>\n<p style=\"text-align: justify;\">D\u00e8s notre arriv\u00e9e tr\u00e8s matinale, nous nous retrouvons sous un ciel d&rsquo;un bleu azur laissant pr\u00e9sager une journ\u00e9e exceptionnelle qui contraste avec les conditions de la veille ! Les chutes de neige de la veille et de la nuit ont \u00e9t\u00e9 abondantes et nous d\u00e9couvrons un Cirque du Lys magnifique, immacul\u00e9 sous une couche de 30cm d&rsquo;une poudreuse l\u00e9g\u00e8re !<\/p>\n<div style=\"width: 610px\" class=\"wp-caption aligncenter\"><img loading=\"lazy\" decoding=\"async\" class=\"\" src=\"https:\/\/www.pyrandonnees.fr\/ski\/109\/IMG_4985.JPG\" alt=\"La journ\u00e9e s'annonce exceptionnelle\" width=\"600\" height=\"448\" \/><p class=\"wp-caption-text\">La journ\u00e9e s&rsquo;annonce exceptionnelle<\/p><\/div>\n<p style=\"text-align: justify;\">En prenant le t\u00e9l\u00e9si\u00e8ge, notre impression se confirme avec de tr\u00e8s belles pentes de poudreuse fraiche qui nous attendent !<\/p>\n<div style=\"width: 610px\" class=\"wp-caption aligncenter\"><img loading=\"lazy\" decoding=\"async\" class=\"\" src=\"https:\/\/www.pyrandonnees.fr\/ski\/109\/IMG_5008.JPG\" alt=\"Grand soleil et neige fraiche !\" width=\"600\" height=\"449\" \/><p class=\"wp-caption-text\">Grand soleil et neige fraiche !<\/p><\/div>\n<p style=\"text-align: justify;\">Nous rejoignons rapidement le secteur de la Br\u00e8che, r\u00e9put\u00e9 pour sa poudreuse et ses belles pentes faciles d&rsquo;acc\u00e8s.<\/p>\n<div style=\"width: 610px\" class=\"wp-caption aligncenter\"><img loading=\"lazy\" decoding=\"async\" class=\"\" src=\"https:\/\/www.pyrandonnees.fr\/ski\/109\/IMG_5029.JPG\" alt=\"Les premiers virages dans la neige fraiche\" width=\"600\" height=\"448\" \/><p class=\"wp-caption-text\">Les premiers virages dans la neige fraiche<\/p><\/div>\n<div style=\"width: 610px\" class=\"wp-caption aligncenter\"><img loading=\"lazy\" decoding=\"async\" class=\"\" src=\"https:\/\/www.pyrandonnees.fr\/ski\/109\/IMG_5077.JPG\" alt=\"Au dessus du t\u00e9l\u00e9si\u00e8ge de la Br\u00e8che\" width=\"600\" height=\"448\" \/><p class=\"wp-caption-text\">Au dessus du t\u00e9l\u00e9si\u00e8ge de la Br\u00e8che<\/p><\/div>\n<p style=\"text-align: justify;\">Nous rejoignons ensuite une partie plus isol\u00e9e, sur le secteur de Touyarolles situ\u00e9 \u00e0 l&rsquo;extr\u00e9mit\u00e9 du domaine sur les flancs du Pic de Monn\u00e9.<\/p>\n<div style=\"width: 610px\" class=\"wp-caption aligncenter\"><img loading=\"lazy\" decoding=\"async\" class=\"\" src=\"https:\/\/www.pyrandonnees.fr\/ski\/109\/IMG_5050.JPG\" alt=\"Sur les flancs du Monn\u00e9 de Cauterets\" width=\"600\" height=\"448\" \/><p class=\"wp-caption-text\">Sur les flancs du Monn\u00e9 de Cauterets<\/p><\/div>\n<p style=\"text-align: justify;\">Quel bonheur de partager et de faire d\u00e9couvrir cette sensation unique de ski dans ce si belles conditions !<\/p>\n<p style=\"text-align: justify;\">Les conditions sont parfaites pour r\u00e9aliser de belles photos en hors-pistes, comme ici sur les flancs du Mauloc sur lesquels nous poursuivons notre belle journ\u00e9e de ski.<\/p>\n<div style=\"width: 610px\" class=\"wp-caption aligncenter\"><img loading=\"lazy\" decoding=\"async\" class=\"\" src=\"https:\/\/www.pyrandonnees.fr\/ski\/109\/IMG_5103.JPG\" alt=\"Le secteur du Mauloc n'est pas encore trac\u00e9\" width=\"600\" height=\"448\" \/><p class=\"wp-caption-text\">Le secteur du Mauloc n&rsquo;est pas encore trac\u00e9<\/p><\/div>\n<p style=\"text-align: justify;\">Rapidement tous les secteurs sont trac\u00e9s, le Mauloc garde toujours quelques pentes de neige fraiche sur lesquelles nous continuons de skier jusqu&rsquo;\u00e0 la fermeture des pistes lorsque le soleil disparait derri\u00e8re la cr\u00eate&#8230;<\/p>\n<div style=\"width: 610px\" class=\"wp-caption aligncenter\"><img loading=\"lazy\" decoding=\"async\" class=\"\" src=\"https:\/\/www.pyrandonnees.fr\/ski\/109\/IMG_5179.JPG\" alt=\"Soleil couchant sur le Mauloc\" width=\"600\" height=\"448\" \/><p class=\"wp-caption-text\">Soleil couchant sur le Mauloc<\/p><\/div>\n<p style=\"text-align: justify;\">Le soleil couch\u00e9, nous redescendons rapidement dans le froid qui tombe sur la station.<br \/>\nCette journ\u00e9e nous laissera un grand souvenir de ski dans des conditions exceptionnelles.<\/p>\n<p style=\"text-align: justify;\"><strong>Mardi 17 f\u00e9vrier : Le doute s&rsquo;installe parmi nous, graines de free rideuses<\/strong><\/p>\n<p style=\"text-align: justify;\">Apr\u00e8s la journ\u00e9e d&rsquo;hier, le doute s&rsquo;installe dans nos rangs&#8230; Notre esprit s&rsquo;\u00e9gare dans les m\u00e9andres de ces montagnes&#8230; Quelle passion nous anime ? Quels sentiments traversent notre esprit \u00e0 cet instant ?<\/p>\n<div style=\"width: 610px\" class=\"wp-caption aligncenter\"><img loading=\"lazy\" decoding=\"async\" class=\"\" src=\"https:\/\/www.pyrandonnees.fr\/ski\/110\/IMG_5196.JPG\" alt=\"Le doute s'installe parmi nous\" width=\"600\" height=\"448\" \/><p class=\"wp-caption-text\">Le doute s&rsquo;installe parmi nous<\/p><\/div>\n<p style=\"text-align: justify;\">Cette journ\u00e9e marque un changement de temps par rapport \u00e0 la veille avec des nappes nuageuses qui viennent encombrer les sommets et une lumi\u00e8re tamis\u00e9e, douce, presque intimiste.<\/p>\n<div style=\"width: 610px\" class=\"wp-caption aligncenter\"><img loading=\"lazy\" decoding=\"async\" class=\"\" src=\"https:\/\/www.pyrandonnees.fr\/ski\/110\/IMG_5211.JPG\" alt=\"Jeu de lumi\u00e8res d'altitude au cirque du Lys\" width=\"600\" height=\"447\" \/><p class=\"wp-caption-text\">Jeu de lumi\u00e8res d&rsquo;altitude au Cirque du Lys<\/p><\/div>\n<p style=\"text-align: justify;\">M\u00eame si le temps est toujours beau pour cette journ\u00e9e il devient rapidement plus nuageux. Le ciel s&rsquo;assombrit et la lumi\u00e8re si particuli\u00e8re permet de r\u00e9aliser de belles images en contrejour.<\/p>\n<div style=\"width: 610px\" class=\"wp-caption aligncenter\"><img loading=\"lazy\" decoding=\"async\" class=\"\" src=\"https:\/\/www.pyrandonnees.fr\/ski\/110\/IMG_5199.JPG\" alt=\"A contrejour dans la br\u00e8che\" width=\"600\" height=\"449\" \/><p class=\"wp-caption-text\">A contrejour dans la Br\u00e8che<\/p><\/div>\n<p style=\"text-align: justify;\">En milieu de journ\u00e9e, notre groupe s&rsquo;\u00e9tiole mais, une fois encore la valeur n&rsquo;attend pas le nombre des ann\u00e9es et sans aucune h\u00e9sitation, dans un milieu pourtant nouveau pour elles, nos deux jeunes free rideuses s&rsquo;en donnent \u00e0 c\u0153ur joie dans une belle poudreuse pourtant difficile \u00e0 skier pour des non initi\u00e9s.<\/p>\n<div style=\"width: 610px\" class=\"wp-caption aligncenter\"><img loading=\"lazy\" decoding=\"async\" class=\"\" src=\"https:\/\/www.pyrandonnees.fr\/ski\/110\/IMG_5232.JPG\" alt=\"Graines de free rideuses\" width=\"600\" height=\"449\" \/><p class=\"wp-caption-text\">Graines de free rideuses<\/p><\/div>\n<p style=\"text-align: justify;\">Notre s\u00e9jour se termine. Capter un regard. C&rsquo;est ce m\u00eame regard que j&rsquo;ai port\u00e9 sur cette montagne qui m&rsquo;a vu grandir, ce regard d&rsquo;\u00e9merveillement qui a fait ressurgir les souvenirs de ma premi\u00e8re descente \u00e0 ski. C&rsquo;\u00e9tait au Pont d&rsquo;Espagne il y a 25 ans. Depuis ce jour, si mes sentiments envers les Pyr\u00e9n\u00e9es ont \u00e9volu\u00e9, ils sont toujours nourris par la m\u00eame passion de ces montagnes.<\/p>\n<div style=\"width: 610px\" class=\"wp-caption aligncenter\"><img loading=\"lazy\" decoding=\"async\" class=\"\" src=\"https:\/\/www.pyrandonnees.fr\/img\/blog\/monne_cauterets.JPG\" alt=\"Bon ski dans les Pyr\u00e9n\u00e9es \u00e0 tous !\" width=\"600\" height=\"450\" \/><p class=\"wp-caption-text\">Bon ski dans les Pyr\u00e9n\u00e9es \u00e0 tous !<\/p><\/div>\n<p style=\"text-align: justify;\">Comme je l&rsquo;ai lu sur le livre d&rsquo;or d&rsquo;un refuge, la montagne se vit, se transmet. Quoi de plus naturel alors que de transmettre cette passion aux nouvelles g\u00e9n\u00e9rations, passion que j&rsquo;ai re\u00e7ue moi-m\u00eame de mes parents, perp\u00e9tuant ainsi l&rsquo;histoire humaine de cette belle montagne ; un milieu naturel atypique, plein de contradictions, \u00e0 la fois majestueux et aust\u00e8re, exigeant envers ceux qui le pratiquent et si fragile pourtant.<\/p>\n<p class=\"\">Bon ski \u00e0 tous dans nos belles Pyr\u00e9n\u00e9es !<\/p>\n<p style=\"text-align: justify;\">J\u00e9r\u00f4me<\/p>\n","protected":false},"excerpt":{"rendered":"<p>Bonjour \u00e0 tous ! Apr\u00e8s un automne plut\u00f4t doux, l&rsquo;hiver est enfin l\u00e0 et avec lui de fortes chutes de neiges enregistr\u00e9es sur le massif des Pyr\u00e9n\u00e9es au cours de ces derni\u00e8res semaines. Nous avions h\u00e2te de rechausser nos skis &hellip; <a href=\"https:\/\/www.pyrandonnees.fr\/blog\/?p=1161\">Continuer la lecture <span class=\"meta-nav\">&rarr;<\/span><\/a><\/p>\n","protected":false},"author":1,"featured_media":0,"comment_status":"open","ping_status":"open","sticky":false,"template":"","format":"standard","meta":{"footnotes":""},"categories":[5],"tags":[],"class_list":["post-1161","post","type-post","status-publish","format-standard","hentry","category-ski"],"_links":{"self":[{"href":"https:\/\/www.pyrandonnees.fr\/blog\/index.php?rest_route=\/wp\/v2\/posts\/1161","targetHints":{"allow":["GET"]}}],"collection":[{"href":"https:\/\/www.pyrandonnees.fr\/blog\/index.php?rest_route=\/wp\/v2\/posts"}],"about":[{"href":"https:\/\/www.pyrandonnees.fr\/blog\/index.php?rest_route=\/wp\/v2\/types\/post"}],"author":[{"embeddable":true,"href":"https:\/\/www.pyrandonnees.fr\/blog\/index.php?rest_route=\/wp\/v2\/users\/1"}],"replies":[{"embeddable":true,"href":"https:\/\/www.pyrandonnees.fr\/blog\/index.php?rest_route=%2Fwp%2Fv2%2Fcomments&post=1161"}],"version-history":[{"count":15,"href":"https:\/\/www.pyrandonnees.fr\/blog\/index.php?rest_route=\/wp\/v2\/posts\/1161\/revisions"}],"predecessor-version":[{"id":1176,"href":"https:\/\/www.pyrandonnees.fr\/blog\/index.php?rest_route=\/wp\/v2\/posts\/1161\/revisions\/1176"}],"wp:attachment":[{"href":"https:\/\/www.pyrandonnees.fr\/blog\/index.php?rest_route=%2Fwp%2Fv2%2Fmedia&parent=1161"}],"wp:term":[{"taxonomy":"category","embeddable":true,"href":"https:\/\/www.pyrandonnees.fr\/blog\/index.php?rest_route=%2Fwp%2Fv2%2Fcategories&post=1161"},{"taxonomy":"post_tag","embeddable":true,"href":"https:\/\/www.pyrandonnees.fr\/blog\/index.php?rest_route=%2Fwp%2Fv2%2Ftags&post=1161"}],"curies":[{"name":"wp","href":"https:\/\/api.w.org\/{rel}","templated":true}]}}